{"id":1107,"date":"2021-02-21T18:55:31","date_gmt":"2021-02-21T17:55:31","guid":{"rendered":"http:\/\/ccfr.rimpresse.com\/?p=1107"},"modified":"2021-02-22T19:34:35","modified_gmt":"2021-02-22T18:34:35","slug":"monsieur-le-presisent-du-conseil-constitutionnel-a-participe-par-visioconference-a-la-reunion-de-haut-niveau-des-presidents-des-cours-et-conseils-constitutionnels-et-des-cours-supremes-en-afrique","status":"publish","type":"post","link":"https:\/\/conseil-constitutionnel.mr\/fr\/?p=1107","title":{"rendered":"La Mauritanie participe \u00e0 une r\u00e9union des Conseils constitutionnels d\u2019Afrique"},"content":{"rendered":"\n<h3>Nouakchott,&nbsp;&nbsp;20\/02\/2021<\/h3>\n\n\n\n<figure class=\"wp-block-image\"><img src=\"https:\/\/filefr.ami.mr\/photosnews\/20-02-2021-M-0004.jpg\" alt=\"\"\/><\/figure>\n\n\n\n<p>Le pr\u00e9sident du Conseil constitutionnel, M. Diallo Mamadou Bathia, a particip\u00e9 samedi matin, par vid\u00e9oconf\u00e9rence, \u00e0 une r\u00e9union de haut niveau des pr\u00e9sidents des Cours et Conseils constitutionnels,  et Cours supr\u00eames en Afrique.<\/p>\n\n\n\n<p>Au cours de cette r\u00e9union tenue en Egypte, la question de la justice \u00e9lectronique en Afrique, apr\u00e8s la crise de la pand\u00e9mie de Covid 19 a \u00e9t\u00e9 abord\u00e9e.<\/p>\n\n\n\n<p>La r\u00e9union s&rsquo;est d\u00e9roul\u00e9e en pr\u00e9sence de la secr\u00e9taire g\u00e9n\u00e9rale du Conseil constitutionnel, Mme Binta Mint El Khalis et de M. Sidi Baba Ould Boki charg\u00e9 des affaires administratives et des relations ext\u00e9rieures au sein du m\u00eame organisme<\/p>\n\n\n\n<p>D\u00c9CLARATION FINALE<br>DE<br>LA R\u00c9UNION VIRTUELLE PR\u00c9PARATOIRE<br>DE LA CINQUI\u00c8ME R\u00c9UNION DE HAUT NIVEAU DU CAIRE DES<br>JUGES EN CHEF ET PR\u00c9SIDENTS DES COURS<br>CONSTITUTIONNELLES ET SUPR\u00caMES ET DES CONSEILS<br>CONSTITUTIONNELS EN AFRIQUE<br>Le samedi 20 f\u00e9vrier 2021, la Cour Constitutionnelle Supr\u00eame de la R\u00e9publique<br>Arabe d&rsquo;\u00c9gypte a organis\u00e9 une r\u00e9union virtuelle pour discuter des pr\u00e9paratifs en<br>cours de la Cinqui\u00e8me R\u00e9union de Haut Niveau du Caire des Juges en Chef et<br>Pr\u00e9sidents des Cours Constitutionnelles, des Cours Supr\u00eames et des Conseils<br>Constitutionnels Africains, pr\u00e9vu d\u2019avoir lieu physiquement plus tard en cours de<br>l\u2019ann\u00e9e.<br>La r\u00e9union a \u00e9t\u00e9 suivie par les Juges en Chef et les Juges Sup\u00e9rieurs des Cours<br>Constitutionnelles, des Cours Supr\u00eames, des Conseils Constitutionnels et des<br>Cours Continentales de (40) pays Africains, ainsi qu&rsquo;un certain nombre<br>d&rsquo;observateurs internationaux.<br>Les honorables participants ont reconnu les circonstances inhabituelles dans<br>lesquelles la r\u00e9union virtuelle s&rsquo;est tenue en raison des restrictions strictes<br>impos\u00e9es par la pand\u00e9mie de coronavirus, qui a affect\u00e9 tous les pays de mani\u00e8re<br>extraordinaire et autrefois impensable, en particulier dans le domaine de la<br>communication et de la coop\u00e9ration internationale.<br>\u00c0 ce titre, les participants ont salu\u00e9 avec appr\u00e9ciation les efforts d\u00e9ploy\u00e9s par le<br>gouvernement de la R\u00e9publique Arabe d&rsquo;\u00c9gypte, sous la direction du Pr\u00e9sident<br>Egyptien S.E. M. Abdel Fatah Al-Sisi, pour soutenir la tenue annuelle de la<br>R\u00e9union de haut niveau du Caire sous ses auspices depuis 2017A, m\u00eame dans les<br>conditions exceptionnelles et difficiles actuelles.<br>Les Honorables participants ont \u00e9galement appr\u00e9ci\u00e9 les efforts d\u00e9ploy\u00e9s par la<br>Cour Constitutionnelle Supr\u00eame d&rsquo;\u00c9gypte et le Secr\u00e9tariat G\u00e9n\u00e9ral de la R\u00e9union<br>de haut niveau du Caire pour organiser la r\u00e9union chaque ann\u00e9e et assurer son<br>statut institutionnel conform\u00e9ment aux d\u00e9cisions pertinentes prises lors des<br>r\u00e9unions pr\u00e9c\u00e9dentes.<br>2<br>La r\u00e9union virtuelle du 20 f\u00e9vrier 2021 a abord\u00e9 un certain nombre de questions<br>critiques, y compris les principaux d\u00e9fis auxquels la magistrature africaine est<br>confront\u00e9e depuis le d\u00e9clenchement de la pand\u00e9mie Covid-19; et le r\u00f4le et l&rsquo;avenir<br>de \u00abE-Justice et de la transformation num\u00e9rique\u00bb.<br>\u00c0 cet \u00e9gard, les honorables participants ont affirm\u00e9 l\u2019importance de renforcer la<br>coop\u00e9ration entre les pays africains, ainsi qu\u2019avec la communaut\u00e9 internationale<br>dans son ensemble, pour surmonter les immenses d\u00e9fis pos\u00e9s par cette pand\u00e9mie<br>mondiale. Ils ont en outre affirm\u00e9 la n\u00e9cessit\u00e9 de renforcer les efforts<br>gouvernementaux pour progresser la transformation num\u00e9rique du syst\u00e8me<br>judiciaire de mani\u00e8re efficace et comp\u00e9tente. Un consensus a \u00e9t\u00e9 atteint sur<br>l\u2019importance d\u2019inclure cette question comme sujet prioritaire \u00e0 l\u2019ordre du jour de<br>la cinqui\u00e8me R\u00e9union de haut niveau du Caire, lorsqu\u2019elle se tiendra en personne<br>plus tard cette ann\u00e9e au Caire.<br>Les participants ont \u00e9galement reconnu le r\u00f4le actif jou\u00e9 par les juges africains,<br>femmes et hommes, dans la r\u00e9alisation de la justice pendant la pand\u00e9mie de<br>coronavirus et leur engagement \u00e0 faire respecter les traditions et les valeurs<br>judiciaires, quoi qu&rsquo;il arrive.<br>La question importante de la lutte contre le terrorisme a \u00e9t\u00e9 d\u00e9battue par les<br>participants. Ils ont soulign\u00e9 le r\u00f4le crucial que jouent les magistrats africains dans<br>la lutte contre le terrorisme sous toutes ses formes, pour saper ses effets n\u00e9fastes<br>sur les principes d\u00e9mocratiques fondamentaux de nos soci\u00e9t\u00e9s et sur la s\u00fbret\u00e9 et la<br>s\u00e9curit\u00e9 de nos citoyens.<br>Enfin, les participants ont bien accueilli la proposition de tenir la cinqui\u00e8me<br>r\u00e9union de haut niveau au Caire en juin 2021, \u00e0 condition que les restrictions sur<br>les voyages internationaux soient lev\u00e9es. Ils ont charg\u00e9 le Secr\u00e9tariat g\u00e9n\u00e9ral de la<br>r\u00e9union du Caire de prendre les dispositions n\u00e9cessaires dans ce<\/p>\n","protected":false},"excerpt":{"rendered":"<p>Monsieur le Pr\u00e9sisent du Conseil constitutionnel a particip\u00e9 par visioconf\u00e9rence \u00e0 la R\u00e9union de Haut Niveau des pr\u00e9sidents des Cours et conseils constitutionnels et des Cours supr\u00eames en Afrique<\/p>\n","protected":false},"author":3,"featured_media":1110,"comment_status":"closed","ping_status":"closed","sticky":false,"template":"","format":"standard","meta":[],"categories":[21],"tags":[],"_links":{"self":[{"href":"https:\/\/conseil-constitutionnel.mr\/fr\/index.php?rest_route=\/wp\/v2\/posts\/1107"}],"collection":[{"href":"https:\/\/conseil-constitutionnel.mr\/fr\/index.php?rest_route=\/wp\/v2\/posts"}],"about":[{"href":"https:\/\/conseil-constitutionnel.mr\/fr\/index.php?rest_route=\/wp\/v2\/types\/post"}],"author":[{"embeddable":true,"href":"https:\/\/conseil-constitutionnel.mr\/fr\/index.php?rest_route=\/wp\/v2\/users\/3"}],"replies":[{"embeddable":true,"href":"https:\/\/conseil-constitutionnel.mr\/fr\/index.php?rest_route=%2Fwp%2Fv2%2Fcomments&post=1107"}],"version-history":[{"count":14,"href":"https:\/\/conseil-constitutionnel.mr\/fr\/index.php?rest_route=\/wp\/v2\/posts\/1107\/revisions"}],"predecessor-version":[{"id":1131,"href":"https:\/\/conseil-constitutionnel.mr\/fr\/index.php?rest_route=\/wp\/v2\/posts\/1107\/revisions\/1131"}],"wp:featuredmedia":[{"embeddable":true,"href":"https:\/\/conseil-constitutionnel.mr\/fr\/index.php?rest_route=\/wp\/v2\/media\/1110"}],"wp:attachment":[{"href":"https:\/\/conseil-constitutionnel.mr\/fr\/index.php?rest_route=%2Fwp%2Fv2%2Fmedia&parent=1107"}],"wp:term":[{"taxonomy":"category","embeddable":true,"href":"https:\/\/conseil-constitutionnel.mr\/fr\/index.php?rest_route=%2Fwp%2Fv2%2Fcategories&post=1107"},{"taxonomy":"post_tag","embeddable":true,"href":"https:\/\/conseil-constitutionnel.mr\/fr\/index.php?rest_route=%2Fwp%2Fv2%2Ftags&post=1107"}],"curies":[{"name":"wp","href":"https:\/\/api.w.org\/{rel}","templated":true}]}}