{"id":1166,"date":"2021-06-21T19:32:52","date_gmt":"2021-06-21T17:32:52","guid":{"rendered":"http:\/\/ccfr.rimpresse.com\/?p=1166"},"modified":"2021-06-29T20:57:59","modified_gmt":"2021-06-29T18:57:59","slug":"1166","status":"publish","type":"post","link":"https:\/\/conseil-constitutionnel.mr\/fr\/?p=1166","title":{"rendered":""},"content":{"rendered":"\n<h3>Le pr\u00e9sident du Conseil constitutionnel est de retour \u00e0 Nouakchott<\/h3>\n\n\n\n<p>Nouakchott,&nbsp;&nbsp;21\/06\/2021<\/p>\n\n\n\n<figure class=\"wp-block-image size-large\"><img loading=\"lazy\" width=\"1024\" height=\"768\" src=\"http:\/\/ccfr.rimpresse.com\/wp-content\/uploads\/2021\/06\/Dakar4-1024x768.jpg\" alt=\"\" class=\"wp-image-1177\" srcset=\"https:\/\/conseil-constitutionnel.mr\/fr\/wp-content\/uploads\/2021\/06\/Dakar4-1024x768.jpg 1024w, https:\/\/conseil-constitutionnel.mr\/fr\/wp-content\/uploads\/2021\/06\/Dakar4-300x225.jpg 300w, https:\/\/conseil-constitutionnel.mr\/fr\/wp-content\/uploads\/2021\/06\/Dakar4-768x576.jpg 768w, https:\/\/conseil-constitutionnel.mr\/fr\/wp-content\/uploads\/2021\/06\/Dakar4.jpg 1080w\" sizes=\"(max-width: 1024px) 100vw, 1024px\" \/><\/figure>\n\n\n\n<p>Le pr\u00e9sident du Conseil constitutionnel, M. Diallo Mamadou Bathia, a regagn\u00e9 Nouakchott, lundi, en provenance de Dakar, apr\u00e8s avoir particip\u00e9 \u00e0 la r\u00e9union des Cours et Conseils constitutionnels ouest-africains.<\/p>\n\n\n\n<p>Auparavant, le pr\u00e9sident du conseil a particip\u00e9 au Caire (\u00c9gypte) \u00e0 la cinqui\u00e8me r\u00e9union de haut niveau des pr\u00e9sidents des tribunaux, conseils constitutionnels et cours supr\u00eames d&rsquo;Afrique.<\/p>\n","protected":false},"excerpt":{"rendered":"<p>Le pr\u00e9sident du Conseil constitutionnel est de retour \u00e0 Nouakchott Nouakchott,&nbsp;&nbsp;21\/06\/2021 Le pr\u00e9sident du Conseil constitutionnel, M. Diallo Mamadou Bathia, a regagn\u00e9 Nouakchott, lundi, en &hellip; <\/p>\n","protected":false},"author":3,"featured_media":1176,"comment_status":"closed","ping_status":"closed","sticky":false,"template":"","format":"standard","meta":[],"categories":[21],"tags":[],"_links":{"self":[{"href":"https:\/\/conseil-constitutionnel.mr\/fr\/index.php?rest_route=\/wp\/v2\/posts\/1166"}],"collection":[{"href":"https:\/\/conseil-constitutionnel.mr\/fr\/index.php?rest_route=\/wp\/v2\/posts"}],"about":[{"href":"https:\/\/conseil-constitutionnel.mr\/fr\/index.php?rest_route=\/wp\/v2\/types\/post"}],"author":[{"embeddable":true,"href":"https:\/\/conseil-constitutionnel.mr\/fr\/index.php?rest_route=\/wp\/v2\/users\/3"}],"replies":[{"embeddable":true,"href":"https:\/\/conseil-constitutionnel.mr\/fr\/index.php?rest_route=%2Fwp%2Fv2%2Fcomments&post=1166"}],"version-history":[{"count":3,"href":"https:\/\/conseil-constitutionnel.mr\/fr\/index.php?rest_route=\/wp\/v2\/posts\/1166\/revisions"}],"predecessor-version":[{"id":1178,"href":"https:\/\/conseil-constitutionnel.mr\/fr\/index.php?rest_route=\/wp\/v2\/posts\/1166\/revisions\/1178"}],"wp:featuredmedia":[{"embeddable":true,"href":"https:\/\/conseil-constitutionnel.mr\/fr\/index.php?rest_route=\/wp\/v2\/media\/1176"}],"wp:attachment":[{"href":"https:\/\/conseil-constitutionnel.mr\/fr\/index.php?rest_route=%2Fwp%2Fv2%2Fmedia&parent=1166"}],"wp:term":[{"taxonomy":"category","embeddable":true,"href":"https:\/\/conseil-constitutionnel.mr\/fr\/index.php?rest_route=%2Fwp%2Fv2%2Fcategories&post=1166"},{"taxonomy":"post_tag","embeddable":true,"href":"https:\/\/conseil-constitutionnel.mr\/fr\/index.php?rest_route=%2Fwp%2Fv2%2Ftags&post=1166"}],"curies":[{"name":"wp","href":"https:\/\/api.w.org\/{rel}","templated":true}]}}