{"id":1181,"date":"2021-06-22T12:04:00","date_gmt":"2021-06-22T10:04:00","guid":{"rendered":"http:\/\/ccfr.rimpresse.com\/?p=1181"},"modified":"2021-06-29T21:27:41","modified_gmt":"2021-06-29T19:27:41","slug":"le-president-recoit-lambassadeur-de-lunion-europeenne-en-mauritanie","status":"publish","type":"post","link":"https:\/\/conseil-constitutionnel.mr\/fr\/?p=1181","title":{"rendered":"Le Pr\u00e9sident re\u00e7oit l&rsquo;Ambassadeur de l&rsquo;Union Europ\u00e9enne en Mauritanie"},"content":{"rendered":"\n<p>Le pr\u00e9sident du Conseil Constitutionnel, M. Diallo Mamadou Bathia, s\u2019est entretenu, Mardi 22\/Juin 2021 \u00e0 Nouakchott, avec l\u2019ambassadeur Chef de d\u00e9l\u00e9gation de l\u2019Union Europ\u00e9enne, SEM. Giacomo Durazzo.<\/p>\n\n\n\n<p>Les entretiens ont port\u00e9 sur les relations de coop\u00e9ration existant entre la Mauritanie et l\u2019UE et les voies et moyens de les renforcer davantage, notamment dans le domaine constitutionnel.<br>Cette audience s\u2019est d\u00e9roul\u00e9e en pr\u00e9sence de Madame Ebnetta Mint El Khales, la Secr\u00e9taire G\u00e9n\u00e9rale du Conseil<\/p>\n","protected":false},"excerpt":{"rendered":"<p>Le pr\u00e9sident du Conseil Constitutionnel, M. Diallo Mamadou Bathia, s\u2019est entretenu, Mardi 22\/Juin 2021 \u00e0 Nouakchott, avec l\u2019ambassadeur Chef de d\u00e9l\u00e9gation de l\u2019Union Europ\u00e9enne, SEM. Giacomo Durazzo.<\/p>\n<p>Les entretiens ont port\u00e9 sur les relations de coop\u00e9ration existant entre la Mauritanie et l\u2019UE et les voies et moyens de les renforcer davantage, notamment dans le domaine constitutionnel.<br \/>\nCette audience s&rsquo;est d\u00e9roul\u00e9e en pr\u00e9sence de Madame Ebnetta Mint El Khales, la Secr\u00e9taire G\u00e9n\u00e9rale du Conseil<\/p>\n","protected":false},"author":3,"featured_media":1186,"comment_status":"closed","ping_status":"closed","sticky":false,"template":"","format":"standard","meta":[],"categories":[21],"tags":[],"_links":{"self":[{"href":"https:\/\/conseil-constitutionnel.mr\/fr\/index.php?rest_route=\/wp\/v2\/posts\/1181"}],"collection":[{"href":"https:\/\/conseil-constitutionnel.mr\/fr\/index.php?rest_route=\/wp\/v2\/posts"}],"about":[{"href":"https:\/\/conseil-constitutionnel.mr\/fr\/index.php?rest_route=\/wp\/v2\/types\/post"}],"author":[{"embeddable":true,"href":"https:\/\/conseil-constitutionnel.mr\/fr\/index.php?rest_route=\/wp\/v2\/users\/3"}],"replies":[{"embeddable":true,"href":"https:\/\/conseil-constitutionnel.mr\/fr\/index.php?rest_route=%2Fwp%2Fv2%2Fcomments&post=1181"}],"version-history":[{"count":4,"href":"https:\/\/conseil-constitutionnel.mr\/fr\/index.php?rest_route=\/wp\/v2\/posts\/1181\/revisions"}],"predecessor-version":[{"id":1189,"href":"https:\/\/conseil-constitutionnel.mr\/fr\/index.php?rest_route=\/wp\/v2\/posts\/1181\/revisions\/1189"}],"wp:featuredmedia":[{"embeddable":true,"href":"https:\/\/conseil-constitutionnel.mr\/fr\/index.php?rest_route=\/wp\/v2\/media\/1186"}],"wp:attachment":[{"href":"https:\/\/conseil-constitutionnel.mr\/fr\/index.php?rest_route=%2Fwp%2Fv2%2Fmedia&parent=1181"}],"wp:term":[{"taxonomy":"category","embeddable":true,"href":"https:\/\/conseil-constitutionnel.mr\/fr\/index.php?rest_route=%2Fwp%2Fv2%2Fcategories&post=1181"},{"taxonomy":"post_tag","embeddable":true,"href":"https:\/\/conseil-constitutionnel.mr\/fr\/index.php?rest_route=%2Fwp%2Fv2%2Ftags&post=1181"}],"curies":[{"name":"wp","href":"https:\/\/api.w.org\/{rel}","templated":true}]}}