{"id":1266,"date":"2021-11-07T19:06:50","date_gmt":"2021-11-07T18:06:50","guid":{"rendered":"http:\/\/ccfr.rimpresse.com\/?p=1266"},"modified":"2021-11-07T19:40:59","modified_gmt":"2021-11-07T18:40:59","slug":"le-conseil-constitutionnel-participe-au-seminaire-conjoint-accf-oif","status":"publish","type":"post","link":"https:\/\/conseil-constitutionnel.mr\/fr\/?p=1266","title":{"rendered":"Le Conseil constitutionnel participe au s\u00e9minaire conjoint ACCF\/OIF"},"content":{"rendered":"\n<p>Monsieur le Pr\u00e9sident a particip\u00e9 \u00e0 un s\u00e9minaire conjoint organis\u00e9 par l\u2019Association des cours et Conseils constitutionnels francophones (ACCF) et l\u2019Organisation internationale de la<br>Francophonie (OIF sur le th\u00e8me:<br>\u00ab Les cours constitutionnelles et la communication : enjeux et outils \u00bb les 3 et 4 Novembre courant. Le Pr\u00e9sident \u00e9tait assist\u00e9 du Professeur Haimout B\u00e0, membre du Conseil.<\/p>\n\n\n\n<p><\/p>\n","protected":false},"excerpt":{"rendered":"<p>Monsieur le Pr\u00e9sident a particip\u00e9 \u00e0 un s\u00e9minaire conjoint organis\u00e9 par l\u2019Association des cours et Conseils constitutionnels francophones (ACCF) et l\u2019Organisation internationale de laFrancophonie (OIF &hellip; <\/p>\n","protected":false},"author":3,"featured_media":1267,"comment_status":"closed","ping_status":"closed","sticky":false,"template":"","format":"standard","meta":[],"categories":[21],"tags":[],"_links":{"self":[{"href":"https:\/\/conseil-constitutionnel.mr\/fr\/index.php?rest_route=\/wp\/v2\/posts\/1266"}],"collection":[{"href":"https:\/\/conseil-constitutionnel.mr\/fr\/index.php?rest_route=\/wp\/v2\/posts"}],"about":[{"href":"https:\/\/conseil-constitutionnel.mr\/fr\/index.php?rest_route=\/wp\/v2\/types\/post"}],"author":[{"embeddable":true,"href":"https:\/\/conseil-constitutionnel.mr\/fr\/index.php?rest_route=\/wp\/v2\/users\/3"}],"replies":[{"embeddable":true,"href":"https:\/\/conseil-constitutionnel.mr\/fr\/index.php?rest_route=%2Fwp%2Fv2%2Fcomments&post=1266"}],"version-history":[{"count":4,"href":"https:\/\/conseil-constitutionnel.mr\/fr\/index.php?rest_route=\/wp\/v2\/posts\/1266\/revisions"}],"predecessor-version":[{"id":1283,"href":"https:\/\/conseil-constitutionnel.mr\/fr\/index.php?rest_route=\/wp\/v2\/posts\/1266\/revisions\/1283"}],"wp:featuredmedia":[{"embeddable":true,"href":"https:\/\/conseil-constitutionnel.mr\/fr\/index.php?rest_route=\/wp\/v2\/media\/1267"}],"wp:attachment":[{"href":"https:\/\/conseil-constitutionnel.mr\/fr\/index.php?rest_route=%2Fwp%2Fv2%2Fmedia&parent=1266"}],"wp:term":[{"taxonomy":"category","embeddable":true,"href":"https:\/\/conseil-constitutionnel.mr\/fr\/index.php?rest_route=%2Fwp%2Fv2%2Fcategories&post=1266"},{"taxonomy":"post_tag","embeddable":true,"href":"https:\/\/conseil-constitutionnel.mr\/fr\/index.php?rest_route=%2Fwp%2Fv2%2Ftags&post=1266"}],"curies":[{"name":"wp","href":"https:\/\/api.w.org\/{rel}","templated":true}]}}