{"id":1289,"date":"2021-11-12T13:37:46","date_gmt":"2021-11-12T12:37:46","guid":{"rendered":"http:\/\/ccfr.rimpresse.com\/?p=1289"},"modified":"2021-11-18T19:01:56","modified_gmt":"2021-11-18T18:01:56","slug":"1289","status":"publish","type":"post","link":"https:\/\/conseil-constitutionnel.mr\/fr\/?p=1289","title":{"rendered":""},"content":{"rendered":"\n<h3>Le pr\u00e9sident du Conseil constitutionnel re\u00e7oit le chef de la d\u00e9l\u00e9gation de l&rsquo;Union europ\u00e9enne<\/h3>\n\n\n\n<p>Nouakchott,&nbsp;&nbsp;11\/11\/2021<\/p>\n\n\n\n<figure class=\"wp-block-image\"><img src=\"https:\/\/filefr.ami.mr\/photosnews\/\" alt=\"\"\/><\/figure>\n\n\n\n<p>Le Pr\u00e9sident du Conseil constitutionnel, M. Diallo Mamadou Bathia, a re\u00e7u en audience jeudi soir dans son bureau \u00e0 Nouakchott SEM. Gwilym Jones, ambassadeur et Chef de la D\u00e9l\u00e9gation de l&rsquo;Union europ\u00e9enne accr\u00e9dit\u00e9 dans notre pays.<\/p>\n\n\n\n<p>L\u2019entrevue a \u00e9t\u00e9 l&rsquo;occasion d&rsquo;\u00e9voquer les relations de coop\u00e9ration entre la Mauritanie et l&rsquo;Union europ\u00e9enne, notamment les domaines du ressort du Conseil constitutionnel.<\/p>\n\n\n\n<p>L&rsquo;entretien s&rsquo;est d\u00e9roul\u00e9 en pr\u00e9sence de la secr\u00e9taire g\u00e9n\u00e9rale du Conseil constitutionnel, Mme Bneta Mint El Khaless.<\/p>\n","protected":false},"excerpt":{"rendered":"<p>Le pr\u00e9sident du Conseil constitutionnel re\u00e7oit le chef de la d\u00e9l\u00e9gation de l&rsquo;Union europ\u00e9enne Nouakchott,&nbsp;&nbsp;11\/11\/2021 Le Pr\u00e9sident du Conseil constitutionnel, M. Diallo Mamadou Bathia, a &hellip; <\/p>\n","protected":false},"author":3,"featured_media":1293,"comment_status":"closed","ping_status":"closed","sticky":false,"template":"","format":"standard","meta":[],"categories":[21],"tags":[],"_links":{"self":[{"href":"https:\/\/conseil-constitutionnel.mr\/fr\/index.php?rest_route=\/wp\/v2\/posts\/1289"}],"collection":[{"href":"https:\/\/conseil-constitutionnel.mr\/fr\/index.php?rest_route=\/wp\/v2\/posts"}],"about":[{"href":"https:\/\/conseil-constitutionnel.mr\/fr\/index.php?rest_route=\/wp\/v2\/types\/post"}],"author":[{"embeddable":true,"href":"https:\/\/conseil-constitutionnel.mr\/fr\/index.php?rest_route=\/wp\/v2\/users\/3"}],"replies":[{"embeddable":true,"href":"https:\/\/conseil-constitutionnel.mr\/fr\/index.php?rest_route=%2Fwp%2Fv2%2Fcomments&post=1289"}],"version-history":[{"count":1,"href":"https:\/\/conseil-constitutionnel.mr\/fr\/index.php?rest_route=\/wp\/v2\/posts\/1289\/revisions"}],"predecessor-version":[{"id":1290,"href":"https:\/\/conseil-constitutionnel.mr\/fr\/index.php?rest_route=\/wp\/v2\/posts\/1289\/revisions\/1290"}],"wp:featuredmedia":[{"embeddable":true,"href":"https:\/\/conseil-constitutionnel.mr\/fr\/index.php?rest_route=\/wp\/v2\/media\/1293"}],"wp:attachment":[{"href":"https:\/\/conseil-constitutionnel.mr\/fr\/index.php?rest_route=%2Fwp%2Fv2%2Fmedia&parent=1289"}],"wp:term":[{"taxonomy":"category","embeddable":true,"href":"https:\/\/conseil-constitutionnel.mr\/fr\/index.php?rest_route=%2Fwp%2Fv2%2Fcategories&post=1289"},{"taxonomy":"post_tag","embeddable":true,"href":"https:\/\/conseil-constitutionnel.mr\/fr\/index.php?rest_route=%2Fwp%2Fv2%2Ftags&post=1289"}],"curies":[{"name":"wp","href":"https:\/\/api.w.org\/{rel}","templated":true}]}}