{"id":1363,"date":"2022-12-07T17:35:33","date_gmt":"2022-12-07T16:35:33","guid":{"rendered":"http:\/\/conseil-constitutionnel.mr\/fr\/?p=1363"},"modified":"2022-12-07T17:37:02","modified_gmt":"2022-12-07T16:37:02","slug":"le-conseil-constitutionnel-participe-aux-festivites-marquant-le-1er-anniversaire-de-la-cour-constitutionnelle-dalgerie%ef%bf%bc","status":"publish","type":"post","link":"https:\/\/conseil-constitutionnel.mr\/fr\/?p=1363","title":{"rendered":"Le conseil constitutionnel participe aux festivit\u00e9s marquant le 1er anniversaire de la Cour constitutionnelle d&rsquo;Algerie\ufffc"},"content":{"rendered":"\n<p>Mr Galy ould Mahmoud ould Abeid,membre du Conseil constitutionnel et Madame Ebneta Mint El Khaless, secr\u00e9taire G\u00e9n\u00e9rale ont particip\u00e9 aux festivit\u00e9s marquant le 1er anniversaire de la Cour constitutionnel Algerienne.<\/p>\n","protected":false},"excerpt":{"rendered":"<p>Mr Galy ould Mahmoud ould Abeid,membre du Conseil constitutionnel et Madame Ebneta Mint El Khaless, secr\u00e9taire G\u00e9n\u00e9rale ont particip\u00e9 aux festivit\u00e9s marquant le 1er anniversaire &hellip; <\/p>\n","protected":false},"author":3,"featured_media":1364,"comment_status":"closed","ping_status":"closed","sticky":false,"template":"","format":"standard","meta":[],"categories":[1],"tags":[],"_links":{"self":[{"href":"https:\/\/conseil-constitutionnel.mr\/fr\/index.php?rest_route=\/wp\/v2\/posts\/1363"}],"collection":[{"href":"https:\/\/conseil-constitutionnel.mr\/fr\/index.php?rest_route=\/wp\/v2\/posts"}],"about":[{"href":"https:\/\/conseil-constitutionnel.mr\/fr\/index.php?rest_route=\/wp\/v2\/types\/post"}],"author":[{"embeddable":true,"href":"https:\/\/conseil-constitutionnel.mr\/fr\/index.php?rest_route=\/wp\/v2\/users\/3"}],"replies":[{"embeddable":true,"href":"https:\/\/conseil-constitutionnel.mr\/fr\/index.php?rest_route=%2Fwp%2Fv2%2Fcomments&post=1363"}],"version-history":[{"count":2,"href":"https:\/\/conseil-constitutionnel.mr\/fr\/index.php?rest_route=\/wp\/v2\/posts\/1363\/revisions"}],"predecessor-version":[{"id":1366,"href":"https:\/\/conseil-constitutionnel.mr\/fr\/index.php?rest_route=\/wp\/v2\/posts\/1363\/revisions\/1366"}],"wp:featuredmedia":[{"embeddable":true,"href":"https:\/\/conseil-constitutionnel.mr\/fr\/index.php?rest_route=\/wp\/v2\/media\/1364"}],"wp:attachment":[{"href":"https:\/\/conseil-constitutionnel.mr\/fr\/index.php?rest_route=%2Fwp%2Fv2%2Fmedia&parent=1363"}],"wp:term":[{"taxonomy":"category","embeddable":true,"href":"https:\/\/conseil-constitutionnel.mr\/fr\/index.php?rest_route=%2Fwp%2Fv2%2Fcategories&post=1363"},{"taxonomy":"post_tag","embeddable":true,"href":"https:\/\/conseil-constitutionnel.mr\/fr\/index.php?rest_route=%2Fwp%2Fv2%2Ftags&post=1363"}],"curies":[{"name":"wp","href":"https:\/\/api.w.org\/{rel}","templated":true}]}}