{"id":1370,"date":"2022-12-14T17:48:05","date_gmt":"2022-12-14T16:48:05","guid":{"rendered":"https:\/\/conseil-constitutionnel.mr\/fr\/?p=1370"},"modified":"2022-12-14T17:53:59","modified_gmt":"2022-12-14T16:53:59","slug":"le-president-du-conseil-constitutionnel-recoit-une-delegation-onusienne","status":"publish","type":"post","link":"https:\/\/conseil-constitutionnel.mr\/fr\/?p=1370","title":{"rendered":"Le pr\u00e9sident du Conseil constitutionnel re\u00e7oit une d\u00e9l\u00e9gation onusienne"},"content":{"rendered":"\n<h1><\/h1>\n\n\n\n<h2>Nouakchott<\/h2>\n\n\n\n<p>On&nbsp;<strong>8:08 | 13 D\u00e9c 2022<\/strong><\/p>\n\n\n\n<p>Le pr\u00e9sident du Conseil constitutionnel M. Diallo Mamadou Bathia, a re\u00e7u en audience, mardi \u00e0 Nouakchott, une d\u00e9l\u00e9gation de la section d\u2019aide \u00e9lectorale aux Nations Unies, en visite actuellement dans notre pays.<\/p>\n\n\n\n<p>L\u2019audience a port\u00e9 sur la discussion des diff\u00e9rents aspects de coop\u00e9ration entre le Conseil constitutionnel et cette institution onusienne, qui s\u2019int\u00e9resse \u00e0 la transparence \u00e9lectorale.<\/p>\n","protected":false},"excerpt":{"rendered":"<p>Nouakchott On&nbsp;8:08 | 13 D\u00e9c 2022 Le pr\u00e9sident du Conseil constitutionnel M. Diallo Mamadou Bathia, a re\u00e7u en audience, mardi \u00e0 Nouakchott, une d\u00e9l\u00e9gation de &hellip; <\/p>\n","protected":false},"author":3,"featured_media":1373,"comment_status":"closed","ping_status":"closed","sticky":false,"template":"","format":"standard","meta":[],"categories":[21],"tags":[],"_links":{"self":[{"href":"https:\/\/conseil-constitutionnel.mr\/fr\/index.php?rest_route=\/wp\/v2\/posts\/1370"}],"collection":[{"href":"https:\/\/conseil-constitutionnel.mr\/fr\/index.php?rest_route=\/wp\/v2\/posts"}],"about":[{"href":"https:\/\/conseil-constitutionnel.mr\/fr\/index.php?rest_route=\/wp\/v2\/types\/post"}],"author":[{"embeddable":true,"href":"https:\/\/conseil-constitutionnel.mr\/fr\/index.php?rest_route=\/wp\/v2\/users\/3"}],"replies":[{"embeddable":true,"href":"https:\/\/conseil-constitutionnel.mr\/fr\/index.php?rest_route=%2Fwp%2Fv2%2Fcomments&post=1370"}],"version-history":[{"count":3,"href":"https:\/\/conseil-constitutionnel.mr\/fr\/index.php?rest_route=\/wp\/v2\/posts\/1370\/revisions"}],"predecessor-version":[{"id":1375,"href":"https:\/\/conseil-constitutionnel.mr\/fr\/index.php?rest_route=\/wp\/v2\/posts\/1370\/revisions\/1375"}],"wp:featuredmedia":[{"embeddable":true,"href":"https:\/\/conseil-constitutionnel.mr\/fr\/index.php?rest_route=\/wp\/v2\/media\/1373"}],"wp:attachment":[{"href":"https:\/\/conseil-constitutionnel.mr\/fr\/index.php?rest_route=%2Fwp%2Fv2%2Fmedia&parent=1370"}],"wp:term":[{"taxonomy":"category","embeddable":true,"href":"https:\/\/conseil-constitutionnel.mr\/fr\/index.php?rest_route=%2Fwp%2Fv2%2Fcategories&post=1370"},{"taxonomy":"post_tag","embeddable":true,"href":"https:\/\/conseil-constitutionnel.mr\/fr\/index.php?rest_route=%2Fwp%2Fv2%2Ftags&post=1370"}],"curies":[{"name":"wp","href":"https:\/\/api.w.org\/{rel}","templated":true}]}}