{"id":1391,"date":"2023-03-11T16:27:33","date_gmt":"2023-03-11T15:27:33","guid":{"rendered":"http:\/\/conseil-constitutionnel.mr\/fr\/?p=1391"},"modified":"2024-03-07T19:38:43","modified_gmt":"2024-03-07T18:38:43","slug":"decision-n-007-cc","status":"publish","type":"post","link":"https:\/\/conseil-constitutionnel.mr\/fr\/?p=1391","title":{"rendered":"D\u00e9cision N\u00b0 007\/Cc"},"content":{"rendered":"<p><strong>R\u00e9publique Islamique de Mauritanie\u00a0\u00a0\u00a0\u00a0\u00a0\u00a0 Honneur \u2013Fraternit\u00e9-Justice<\/strong><\/p>\n<p><strong>\u00a0Conseil constitutionnel<\/strong><\/p>\n<p>&nbsp;<\/p>\n<p>D\u00e9cision N\u00b007\/2023\/C.c<\/p>\n<p>Le Conseil constitutionnel\u00a0;<\/p>\n<p>Vu la Constitution du 20 Juillet 1991 r\u00e9vis\u00e9e\u00a0;<\/p>\n<p>Vu l\u2019Ordonnance N\u00b0 \u00a092- 04\u00a0 du 18 \u00a0F\u00e9vrier\u00a0 1992 portant loi\u00a0\u00a0Organique relative au Conseil Constitutionnel, modifi\u00e9e\u00a0;<\/p>\n<p>Vu la loi Organique N\u00b0 2018\/013 en date du 15 F\u00e9vrier 2018 portant recomposition du Conseil constitutionnel\u00a0;<\/p>\n<p>Vu la loi N\u00b0 2016\/014 en date du 15 Avril 2016 relative \u00e0 la lutte contre la corruption\u00a0;<\/p>\n<p>Vu l\u2019Ordonnance N\u00b0 2007\/036 en date \u00a017 Avril 2007, compl\u00e9t\u00e9e et modifi\u00e9e, relative \u00e0 la loi portant Code\u00a0 de Proc\u00e9dures P\u00e9nales\u00a0;<\/p>\n<p>Vu le recours qui soul\u00e8ve la question Pr\u00e9judicielle de constitutionnalit\u00e9 introduit au Secr\u00e9tariat G\u00e9n\u00e9ral du Conseil constitutionnel par \u00a0l\u2019ancien pr\u00e9sident de la R\u00e9publique Islamique de Mauritanie \u00a0M. <strong>Mohamed Ould Abd El Aziz,<\/strong> enregistr\u00e9 le 27\/02\/2023.<\/p>\n<p><strong>Sur la recevabilit\u00e9\u00a0;<\/strong><\/p>\n<p>Consid\u00e9rant que la question pr\u00e9judicielle de constitutionnalit\u00e9 a \u00e9t\u00e9 soulev\u00e9e au cours d\u2019un proc\u00e8s suivant la d\u00e9cision N\u00b0 2023\/03 en date du 13\/02\/2023 du tribunal Sp\u00e9cial des crimes \u00e9conomiques ce qui donne au requ\u00e9rant un d\u00e9lai de 15 jours pour saisir le Conseil constitutionnel conform\u00e9ment \u00e0 la loi\u00a0;<\/p>\n<p>Consid\u00e9rant que le recours qui soul\u00e8ve la question Pr\u00e9judicielle de constitutionnalit\u00e9 a \u00e9t\u00e9 d\u00e9pos\u00e9 au Secr\u00e9tariat G\u00e9n\u00e9ral du Conseil constitutionnel le 27\/02\/2023, en cours du d\u00e9lai l\u00e9gal\u00a0;<\/p>\n<p>Consid\u00e9rant que le recours est sign\u00e9 par le requ\u00e9rant et par ses avocats qui ont joint une procuration \u00a0au dossier adress\u00e9 au secr\u00e9tariat G\u00e9n\u00e9ral du conseil,<\/p>\n<p>Consid\u00e9rant que le recours a \u00e9t\u00e9 d\u00e9pos\u00e9 dans les d\u00e9lais l\u00e9gaux et par qui de droit\u00a0; qu\u2019il y\u2019a lieu donc de le d\u00e9clarer recevable en la forme conform\u00e9ment \u00e0 l\u2019article 86 (nouveau) \u00a0de la Constitution et \u00e0 l\u2019article 4 de la Loi Organique 2018\/013 en date du 15 F\u00e9vrier 2018\u00a0;<\/p>\n<p><strong>Sur le fond\u00a0:<\/strong><\/p>\n<p>Consid\u00e9rant que le recours soul\u00e8ve la question Pr\u00e9judicielle de constitutionnalit\u00e9 contre les articles 16 et 47\u00a0 de la loi N\u00b0 2016\/014 en date du 15 Avril 2016 relative \u00e0 la lutte contre la corruption\u00a0et l\u2019article 278 du Code de proc\u00e9dures p\u00e9nales,<\/p>\n<p>Le Conseil constitutionnel a d\u00e9lib\u00e9r\u00e9 sur ces articles en se basant sur les motifs suivants\u00a0;<\/p>\n<p><strong>-l\u2019article 16 de la loi relative \u00e0\u00a0 la lutte contre la corruption\u00a0;<\/strong><\/p>\n<p>Consid\u00e9rant que la loi peut d\u00e9roger \u00e0 une r\u00e8gle g\u00e9n\u00e9rale pour l\u2019int\u00e9r\u00eat sup\u00e9rieur de la Nation\u00a0;<\/p>\n<p>Consid\u00e9rant, que les crimes li\u00e9s \u00e0 la corruption, au d\u00e9tournement et \u00e0 l\u2019enrichissement illicite sont d\u2019ordre exceptionnel eu \u00e9gard \u00e0 leur nature,\u00a0 \u00a0que le l\u00e9gislateur \u00a0leur a impos\u00e9 des moyens de preuve sp\u00e9ciaux.<\/p>\n<p>Consid\u00e9rant que l\u2019accus\u00e9 charg\u00e9 de justifier l\u2019origine de \u00a0ses biens reste innocent jusqu\u2019\u00e0 qu\u2019il soit condamn\u00e9,<\/p>\n<p>Consid\u00e9rant que la loi en question pr\u00e9voit des proc\u00e9dures par lesquelles \u00a0l\u2019accus\u00e9 peut r\u00e9futer \u00a0les crimes qu\u2019on lui reproche,<\/p>\n<p><strong>-L\u2019article 47<\/strong> <strong>de la loi relative \u00e0\u00a0 la lutte contre la corruption\u00a0;<\/strong><\/p>\n<p>Consid\u00e9rant, que l\u2019article 90 de la Constitution stipule que \u00ab\u00a0 le juge est prot\u00e9g\u00e9 contre toute forme de pression de nature \u00e0 nuire \u00e0 son libre arbitre \u00bb ;\u00a0 que, d&rsquo;autre part les organes charg\u00e9s de l\u2019instruction et du jugement b\u00e9n\u00e9ficient d\u2019un pourcentage des biens rembours\u00e9s, restitu\u00e9s ou confisqu\u00e9s est de nature \u00e0 porter atteinte \u00e0 la protection du juge dans l\u2019exercice de sa mission ; Qu&rsquo;il y&rsquo;a lieu donc de consid\u00e9rer, le fait de pr\u00e9voir un pourcentage des biens au profit des organes charg\u00e9s de l\u2019instruction et du jugement, contraire aux dispositions de l\u2019article 90 de la Constitution ;<\/p>\n<p><strong>L\u2019article 278<\/strong> <strong>du Code de proc\u00e9dures p\u00e9nales\u00a0;<\/strong><\/p>\n<p>Cet article, ne comporte aucune disposition qui a une incidence sur \u00a0l\u2019issue du proc\u00e8s, ni \u00a0de nature \u00e0 porter atteinte aux droits et libert\u00e9s garantis par la Constitution. Les conditions de publicit\u00e9 du proc\u00e8s sont garanties d\u00e8s lors que la salle est accessible au public.<\/p>\n<p>Le rapporteur entendu\u00a0;<\/p>\n<p>Et apr\u00e8s d\u00e9lib\u00e9rations<\/p>\n<p><strong>\u00a0 \u00a0 \u00a0 \u00a0 \u00a0 \u00a0 \u00a0 \u00a0 \u00a0 \u00a0 \u00a0 \u00a0 \u00a0 \u00a0 \u00a0 \u00a0 \u00a0 \u00a0 \u00a0 \u00a0 \u00a0 \u00a0 \u00a0 \u00a0 \u00a0 \u00a0 \u00a0 \u00a0 \u00a0 \u00a0 \u00a0 \u00a0 \u00a0 \u00a0 \u00a0 \u00a0 \u00a0 \u00a0 \u00a0 \u00a0 \u00a0D\u00e9cide :<\/strong><\/p>\n<p><strong>Article premier<\/strong>\u00a0: Le Recours est d\u00e9clar\u00e9 recevable en la forme conform\u00e9ment \u00e0 l\u2019article 86(nouveau) de la Constitution et \u00e0 l\u2019article 4 de\u00a0 la loi organique N\u00b0 2018\/013, en date du 15 F\u00e9vrier 2018 portant recomposition du Conseil constitutionnel.<\/p>\n<p><strong>Article 2<\/strong>\u00a0: L\u2019article 16 de la loi N\u00b0 2016\/014 en date du 15 Avril 2016 relative \u00e0 la lutte contre la corruption\u00a0n\u2019est pas contraire \u00e0 la Constitution.<\/p>\n<p><strong>Article3\u00a0<\/strong>: L\u2019article\u00a047 de la loi relative \u00e0 la lutte contre la corruption\u00a0n\u2019est pas contraire \u00e0 la Constitution sous r\u00e9serve d\u2019exclure les \u00ab\u00a0structures et organes charg\u00e9es de l\u2019instruction et du jugement\u00a0\u00bb.<\/p>\n<p><strong>Article 4\u00a0:<\/strong> L\u2019article 278 du Code de proc\u00e9dures p\u00e9nales<strong>\u00a0<\/strong>n\u2019est pas contraire \u00e0 la Constitution. Cet article n\u2019a aucune incidence sur les droits et libert\u00e9s garantis par la constitution.<\/p>\n<p><strong>Article5\u00a0:<\/strong> Cette d\u00e9cision sera notifi\u00e9e \u00e0 qui de droit et publi\u00e9e au journal Officiel de la R\u00e9publique Islamique de Mauritanie.<\/p>\n<p>&nbsp;<\/p>\n<p>D\u00e9lib\u00e9r\u00e9 par le Conseil constitutionnel en sa s\u00e9ance du 06\/03\/2023 en pr\u00e9sence de M. Diallo Mamadou Bathia, Pr\u00e9sident et des membres\u00a0: Aichetou Mint Dechagh ould M\u2019Haimed, Ahmed Vall ould M\u2019Bareck, Ahmed Ahmed Djibaba, Bilal ould Dick, Hawa Tandia, Ikabrou ould Mohamed Sedigh et Ghaly Mahmoud E beid.<\/p>\n<p>&nbsp;<\/p>\n<p><strong>Le Pr\u00e9sident\u00a0\u00a0\u00a0\u00a0\u00a0\u00a0\u00a0\u00a0\u00a0\u00a0\u00a0\u00a0\u00a0\u00a0\u00a0\u00a0\u00a0\u00a0\u00a0\u00a0\u00a0\u00a0\u00a0\u00a0\u00a0\u00a0\u00a0\u00a0\u00a0\u00a0\u00a0\u00a0\u00a0\u00a0\u00a0\u00a0\u00a0\u00a0\u00a0\u00a0\u00a0\u00a0\u00a0 \u00a0\u00a0\u00a0\u00a0\u00a0\u00a0\u00a0\u00a0\u00a0\u00a0\u00a0\u00a0\u00a0\u00a0\u00a0\u00a0\u00a0\u00a0\u00a0\u00a0\u00a0\u00a0\u00a0\u00a0\u00a0\u00a0\u00a0\u00a0Le rapporteur<\/strong><\/p>\n<p>Diallo Mamadou Bathia\u00a0 \u00a0 \u00a0 \u00a0 \u00a0 \u00a0 \u00a0 \u00a0 \u00a0 \u00a0 \u00a0 \u00a0 \u00a0 \u00a0 \u00a0 \u00a0 \u00a0 \u00a0 \u00a0 \u00a0 \u00a0 \u00a0 \u00a0 \u00a0Ahmed Vall ould M\u2019Bareck<\/p>\n<p>&nbsp;<\/p>\n<p>P.C.C.C<\/p>\n<p>La Secr\u00e9taire G\u00e9n\u00e9rale<\/p>\n<p>Ebneta Mint El Khaless<\/p>\n<p>&nbsp;<\/p>\n<p>&nbsp;<\/p>\n<p>&nbsp;<\/p>\n<p>&nbsp;<\/p>\n","protected":false},"excerpt":{"rendered":"<p>Le Conseil constitutionnel a \u00e9t\u00e9 saisi le 27\/02\/2023 d&rsquo;une question pr\u00e9judicielle de constitutionnalit\u00e9 soulev\u00e9e contre les articles 16 et 47\u00a0 de la loi N\u00b0 2016\/014 en date du 15 Avril 2016 relative \u00e0 la lutte contre la corruption\u00a0et l\u2019article 278 du Code de proc\u00e9dures p\u00e9nales. Voir d\u00e9cision&#8230;<\/p>\n","protected":false},"author":3,"featured_media":1352,"comment_status":"closed","ping_status":"closed","sticky":false,"template":"","format":"standard","meta":[],"categories":[17,7],"tags":[],"_links":{"self":[{"href":"https:\/\/conseil-constitutionnel.mr\/fr\/index.php?rest_route=\/wp\/v2\/posts\/1391"}],"collection":[{"href":"https:\/\/conseil-constitutionnel.mr\/fr\/index.php?rest_route=\/wp\/v2\/posts"}],"about":[{"href":"https:\/\/conseil-constitutionnel.mr\/fr\/index.php?rest_route=\/wp\/v2\/types\/post"}],"author":[{"embeddable":true,"href":"https:\/\/conseil-constitutionnel.mr\/fr\/index.php?rest_route=\/wp\/v2\/users\/3"}],"replies":[{"embeddable":true,"href":"https:\/\/conseil-constitutionnel.mr\/fr\/index.php?rest_route=%2Fwp%2Fv2%2Fcomments&post=1391"}],"version-history":[{"count":6,"href":"https:\/\/conseil-constitutionnel.mr\/fr\/index.php?rest_route=\/wp\/v2\/posts\/1391\/revisions"}],"predecessor-version":[{"id":1534,"href":"https:\/\/conseil-constitutionnel.mr\/fr\/index.php?rest_route=\/wp\/v2\/posts\/1391\/revisions\/1534"}],"wp:featuredmedia":[{"embeddable":true,"href":"https:\/\/conseil-constitutionnel.mr\/fr\/index.php?rest_route=\/wp\/v2\/media\/1352"}],"wp:attachment":[{"href":"https:\/\/conseil-constitutionnel.mr\/fr\/index.php?rest_route=%2Fwp%2Fv2%2Fmedia&parent=1391"}],"wp:term":[{"taxonomy":"category","embeddable":true,"href":"https:\/\/conseil-constitutionnel.mr\/fr\/index.php?rest_route=%2Fwp%2Fv2%2Fcategories&post=1391"},{"taxonomy":"post_tag","embeddable":true,"href":"https:\/\/conseil-constitutionnel.mr\/fr\/index.php?rest_route=%2Fwp%2Fv2%2Ftags&post=1391"}],"curies":[{"name":"wp","href":"https:\/\/api.w.org\/{rel}","templated":true}]}}