{"id":1404,"date":"2023-04-26T18:17:23","date_gmt":"2023-04-26T16:17:23","guid":{"rendered":"https:\/\/conseil-constitutionnel.mr\/fr\/?p=1404"},"modified":"2023-05-09T18:49:14","modified_gmt":"2023-05-09T16:49:14","slug":"le-conseil-constitutionnel-organise-une-journee-de-concertation","status":"publish","type":"post","link":"https:\/\/conseil-constitutionnel.mr\/fr\/?p=1404","title":{"rendered":"Le Conseil constitutionnel organise, \u00e0 son si\u00e8ge \u00e0 Nouakchott, une journ\u00e9e de concertation  avec les magistrats en charge du suivi des \u00e9lections l\u00e9gislatives ."},"content":{"rendered":"<p><img loading=\"lazy\" class=\"alignnone size-medium wp-image-1405\" src=\"http:\/\/conseil-constitutionnel.mr\/fr\/wp-content\/uploads\/2023\/05\/Journee-de-concertation-300x169.jpg\" alt=\"\" width=\"300\" height=\"169\" srcset=\"https:\/\/conseil-constitutionnel.mr\/fr\/wp-content\/uploads\/2023\/05\/Journee-de-concertation-300x169.jpg 300w, https:\/\/conseil-constitutionnel.mr\/fr\/wp-content\/uploads\/2023\/05\/Journee-de-concertation-1024x577.jpg 1024w, https:\/\/conseil-constitutionnel.mr\/fr\/wp-content\/uploads\/2023\/05\/Journee-de-concertation-768x432.jpg 768w, https:\/\/conseil-constitutionnel.mr\/fr\/wp-content\/uploads\/2023\/05\/Journee-de-concertation.jpg 1156w\" sizes=\"(max-width: 300px) 100vw, 300px\" \/><\/p>\n","protected":false},"excerpt":{"rendered":"","protected":false},"author":3,"featured_media":1423,"comment_status":"closed","ping_status":"closed","sticky":false,"template":"","format":"standard","meta":[],"categories":[21,20],"tags":[],"_links":{"self":[{"href":"https:\/\/conseil-constitutionnel.mr\/fr\/index.php?rest_route=\/wp\/v2\/posts\/1404"}],"collection":[{"href":"https:\/\/conseil-constitutionnel.mr\/fr\/index.php?rest_route=\/wp\/v2\/posts"}],"about":[{"href":"https:\/\/conseil-constitutionnel.mr\/fr\/index.php?rest_route=\/wp\/v2\/types\/post"}],"author":[{"embeddable":true,"href":"https:\/\/conseil-constitutionnel.mr\/fr\/index.php?rest_route=\/wp\/v2\/users\/3"}],"replies":[{"embeddable":true,"href":"https:\/\/conseil-constitutionnel.mr\/fr\/index.php?rest_route=%2Fwp%2Fv2%2Fcomments&post=1404"}],"version-history":[{"count":4,"href":"https:\/\/conseil-constitutionnel.mr\/fr\/index.php?rest_route=\/wp\/v2\/posts\/1404\/revisions"}],"predecessor-version":[{"id":1410,"href":"https:\/\/conseil-constitutionnel.mr\/fr\/index.php?rest_route=\/wp\/v2\/posts\/1404\/revisions\/1410"}],"wp:featuredmedia":[{"embeddable":true,"href":"https:\/\/conseil-constitutionnel.mr\/fr\/index.php?rest_route=\/wp\/v2\/media\/1423"}],"wp:attachment":[{"href":"https:\/\/conseil-constitutionnel.mr\/fr\/index.php?rest_route=%2Fwp%2Fv2%2Fmedia&parent=1404"}],"wp:term":[{"taxonomy":"category","embeddable":true,"href":"https:\/\/conseil-constitutionnel.mr\/fr\/index.php?rest_route=%2Fwp%2Fv2%2Fcategories&post=1404"},{"taxonomy":"post_tag","embeddable":true,"href":"https:\/\/conseil-constitutionnel.mr\/fr\/index.php?rest_route=%2Fwp%2Fv2%2Ftags&post=1404"}],"curies":[{"name":"wp","href":"https:\/\/api.w.org\/{rel}","templated":true}]}}