{"id":1412,"date":"2023-05-09T15:58:46","date_gmt":"2023-05-09T13:58:46","guid":{"rendered":"https:\/\/conseil-constitutionnel.mr\/fr\/?p=1412"},"modified":"2023-05-09T19:04:42","modified_gmt":"2023-05-09T17:04:42","slug":"le-conseil-constitutionnel-participe-a-la-rencontre-des-juges-femmes-africaines","status":"publish","type":"post","link":"https:\/\/conseil-constitutionnel.mr\/fr\/?p=1412","title":{"rendered":"Le Conseil constitutionnel participe \u00e0 la 1\u00e8re Rencontre des femmes africaines juges"},"content":{"rendered":"<p><img loading=\"lazy\" class=\"alignnone size-medium wp-image-1421\" src=\"http:\/\/conseil-constitutionnel.mr\/fr\/wp-content\/uploads\/2023\/05\/Tandia3-300x169.jpg\" alt=\"\" width=\"300\" height=\"169\" srcset=\"https:\/\/conseil-constitutionnel.mr\/fr\/wp-content\/uploads\/2023\/05\/Tandia3-300x169.jpg 300w, https:\/\/conseil-constitutionnel.mr\/fr\/wp-content\/uploads\/2023\/05\/Tandia3-768x432.jpg 768w, https:\/\/conseil-constitutionnel.mr\/fr\/wp-content\/uploads\/2023\/05\/Tandia3.jpg 1000w\" sizes=\"(max-width: 300px) 100vw, 300px\" \/>\u00a0 \u00a0 \u00a0 \u00a0 \u00a0 \u00a0 \u00a0 \u00a0 \u00a0Madame Awa Tandia,membre du Conseil constitutionnel\u00a0 \u00a0 \u00a0 \u00a0 \u00a0 \u00a0 \u00a0 \u00a0 \u00a0 \u00a0 \u00a0 \u00a0 \u00a0 \u00a0 \u00a0 \u00a0 \u00a0 \u00a0 \u00a0 \u00a0 \u00a0 \u00a0 \u00a0 \u00a0 \u00a0 \u00a0 \u00a0 \u00a0 \u00a0 \u00a0 \u00a0 \u00a0 \u00a0 \u00a0 \u00a0 \u00a0 \u00a0 \u00a0 \u00a0 \u00a0 \u00a0 \u00a0 \u00a0 \u00a0 \u00a0 \u00a0 \u00a0 \u00a0 \u00a0 \u00a0 \u00a0 \u00a0 \u00a0 \u00a0 \u00a0 \u00a0 \u00a0 \u00a0 \u00a0 \u00a0 \u00a0 \u00a0 \u00a0 \u00a0 a particip\u00e9 \u00e0 la 1<sup>\u00e8re<\/sup> Rencontre des femmes africaines juges<\/p>\n<p>organis\u00e9e \u00e0 Libreville du 2 au 6 Mai courant<\/p>\n<p>sous le th\u00e8me <strong>\u00ab La pr\u00e9sence de la femme africaine dans la magistrature :\u00a0 \u00a0 \u00a0 \u00a0 \u00a0 \u00a0 \u00a0 \u00a0 \u00a0 \u00a0 \u00a0 \u00a0 \u00a0 \u00a0 \u00a0 \u00a0 \u00a0 \u00a0 \u00a0 \u00a0 \u00a0 \u00a0 \u00a0 \u00a0 \u00a0 \u00a0 \u00a0 \u00a0 \u00a0 \u00a0 \u00a0 \u00a0 \u00a0 \u00a0 \u00a0 \u00a0 \u00a0 \u00a0 \u00a0 \u00a0 \u00a0 \u00a0 \u00a0 \u00a0 \u00a0 \u00a0 \u00a0 \u00a0 \u00a0bilan et perspectives \u00bb.<\/strong><\/p>\n","protected":false},"excerpt":{"rendered":"<p> Madame Awa tandia,membre du Conseil constitutionnel a particip\u00e9 \u00e0 la 1\u00e8re Rencontre des femmes africaines juges organis\u00e9e \u00e0 Libreville du 2 au 6 Mai courant<\/p>\n<p> \u00a0sous le th\u00e8me \u00ab La pr\u00e9sence de la femme africaine dans la magistrature :\u00a0bilan et perspectives \u00bb<\/p>\n","protected":false},"author":3,"featured_media":1413,"comment_status":"closed","ping_status":"closed","sticky":false,"template":"","format":"standard","meta":[],"categories":[21],"tags":[],"_links":{"self":[{"href":"https:\/\/conseil-constitutionnel.mr\/fr\/index.php?rest_route=\/wp\/v2\/posts\/1412"}],"collection":[{"href":"https:\/\/conseil-constitutionnel.mr\/fr\/index.php?rest_route=\/wp\/v2\/posts"}],"about":[{"href":"https:\/\/conseil-constitutionnel.mr\/fr\/index.php?rest_route=\/wp\/v2\/types\/post"}],"author":[{"embeddable":true,"href":"https:\/\/conseil-constitutionnel.mr\/fr\/index.php?rest_route=\/wp\/v2\/users\/3"}],"replies":[{"embeddable":true,"href":"https:\/\/conseil-constitutionnel.mr\/fr\/index.php?rest_route=%2Fwp%2Fv2%2Fcomments&post=1412"}],"version-history":[{"count":7,"href":"https:\/\/conseil-constitutionnel.mr\/fr\/index.php?rest_route=\/wp\/v2\/posts\/1412\/revisions"}],"predecessor-version":[{"id":1425,"href":"https:\/\/conseil-constitutionnel.mr\/fr\/index.php?rest_route=\/wp\/v2\/posts\/1412\/revisions\/1425"}],"wp:featuredmedia":[{"embeddable":true,"href":"https:\/\/conseil-constitutionnel.mr\/fr\/index.php?rest_route=\/wp\/v2\/media\/1413"}],"wp:attachment":[{"href":"https:\/\/conseil-constitutionnel.mr\/fr\/index.php?rest_route=%2Fwp%2Fv2%2Fmedia&parent=1412"}],"wp:term":[{"taxonomy":"category","embeddable":true,"href":"https:\/\/conseil-constitutionnel.mr\/fr\/index.php?rest_route=%2Fwp%2Fv2%2Fcategories&post=1412"},{"taxonomy":"post_tag","embeddable":true,"href":"https:\/\/conseil-constitutionnel.mr\/fr\/index.php?rest_route=%2Fwp%2Fv2%2Ftags&post=1412"}],"curies":[{"name":"wp","href":"https:\/\/api.w.org\/{rel}","templated":true}]}}