{"id":1426,"date":"2023-05-10T16:47:57","date_gmt":"2023-05-10T14:47:57","guid":{"rendered":"https:\/\/conseil-constitutionnel.mr\/fr\/?p=1426"},"modified":"2023-05-11T14:35:09","modified_gmt":"2023-05-11T12:35:09","slug":"le-president-du-conseil-constitutionnel-recoit-une-mission-dobservation-de-lunion-africaine","status":"publish","type":"post","link":"https:\/\/conseil-constitutionnel.mr\/fr\/?p=1426","title":{"rendered":"Le Pr\u00e9sident du Conseil constitutionnel re\u00e7oit une mission d&rsquo;observation de l&rsquo;Union africaine"},"content":{"rendered":"<p>&nbsp;<\/p>\n<p><img src=\"https:\/\/conseil-constitutionnel.mr\/wp-content\/uploads\/2023\/05\/UF.jpg\" \/><\/p>\n<p>&nbsp;<\/p>\n<p>M. Diallo Mamadou Bathia,Pr\u00e9sident du Conseil constitutionnel a re\u00e7u ce Mercredi 10\/05\/2023 une mission d&rsquo;observation de l&rsquo;Union africaine conduite par\u00a0 son Excellence l\u2019Ambassadeur Calixte Aristide Mbari,responsable au d\u00e9partement des Affaires politiques ,de la paix et de la s\u00e9curit\u00e9. Les discutions ont port\u00e9 sur le\u00a0 bon d\u00e9roulement des \u00e9lections dans notre pays.<\/p>\n<p>La R\u00e9union c&rsquo;est d\u00e9roul\u00e9e en pr\u00e9sence de Madame Ebneta Mint El Khaless,Secr\u00e9taire G\u00e9n\u00e9rale du Conseil constitutionnel<\/p>\n<p>&nbsp;<\/p>\n","protected":false},"excerpt":{"rendered":"<p>&nbsp; &nbsp; M. Diallo Mamadou Bathia,Pr\u00e9sident du Conseil constitutionnel a re\u00e7u ce Mercredi 10\/05\/2023 une mission d&rsquo;observation de l&rsquo;Union africaine conduite par\u00a0 son Excellence l\u2019Ambassadeur &hellip; <\/p>\n","protected":false},"author":3,"featured_media":1427,"comment_status":"closed","ping_status":"closed","sticky":false,"template":"","format":"standard","meta":[],"categories":[21,20],"tags":[],"_links":{"self":[{"href":"https:\/\/conseil-constitutionnel.mr\/fr\/index.php?rest_route=\/wp\/v2\/posts\/1426"}],"collection":[{"href":"https:\/\/conseil-constitutionnel.mr\/fr\/index.php?rest_route=\/wp\/v2\/posts"}],"about":[{"href":"https:\/\/conseil-constitutionnel.mr\/fr\/index.php?rest_route=\/wp\/v2\/types\/post"}],"author":[{"embeddable":true,"href":"https:\/\/conseil-constitutionnel.mr\/fr\/index.php?rest_route=\/wp\/v2\/users\/3"}],"replies":[{"embeddable":true,"href":"https:\/\/conseil-constitutionnel.mr\/fr\/index.php?rest_route=%2Fwp%2Fv2%2Fcomments&post=1426"}],"version-history":[{"count":4,"href":"https:\/\/conseil-constitutionnel.mr\/fr\/index.php?rest_route=\/wp\/v2\/posts\/1426\/revisions"}],"predecessor-version":[{"id":1431,"href":"https:\/\/conseil-constitutionnel.mr\/fr\/index.php?rest_route=\/wp\/v2\/posts\/1426\/revisions\/1431"}],"wp:featuredmedia":[{"embeddable":true,"href":"https:\/\/conseil-constitutionnel.mr\/fr\/index.php?rest_route=\/wp\/v2\/media\/1427"}],"wp:attachment":[{"href":"https:\/\/conseil-constitutionnel.mr\/fr\/index.php?rest_route=%2Fwp%2Fv2%2Fmedia&parent=1426"}],"wp:term":[{"taxonomy":"category","embeddable":true,"href":"https:\/\/conseil-constitutionnel.mr\/fr\/index.php?rest_route=%2Fwp%2Fv2%2Fcategories&post=1426"},{"taxonomy":"post_tag","embeddable":true,"href":"https:\/\/conseil-constitutionnel.mr\/fr\/index.php?rest_route=%2Fwp%2Fv2%2Ftags&post=1426"}],"curies":[{"name":"wp","href":"https:\/\/api.w.org\/{rel}","templated":true}]}}