{"id":1443,"date":"2023-06-20T15:46:46","date_gmt":"2023-06-20T13:46:46","guid":{"rendered":"http:\/\/conseil-constitutionnel.mr\/fr\/?p=1443"},"modified":"2024-03-07T18:19:03","modified_gmt":"2024-03-07T17:19:03","slug":"decision-n-009-2023-c-c","status":"publish","type":"post","link":"https:\/\/conseil-constitutionnel.mr\/fr\/?p=1443","title":{"rendered":"D\u00e9cision N\u00b0 009\/2023\/C.C"},"content":{"rendered":"<p><strong>R\u00e9publique Islamique de Mauritanie<\/strong>Honneur &#8211; Fraternit\u00e9 &#8211; Justice<\/p>\n<p><strong>\u00a0<\/strong><\/p>\n<p><strong>Le Conseil Constitutionnel<\/strong><\/p>\n<p>&nbsp;<\/p>\n<p style=\"text-align: center;\"><strong>D\u00e9cision N\u00b0 009\/2023\/C.C <\/strong><\/p>\n<p><strong>\u00a0<\/strong><\/p>\n<p>Le Conseil Constitutionnel,<\/p>\n<p>&nbsp;<\/p>\n<ul>\n<li>Vu la Constitution du 20 juillet 1991, r\u00e9vis\u00e9e,<\/li>\n<li>Vu l\u2019ordonnance N\u00b0 91\/028 du 07 octobre 1991 modifi\u00e9e, relative \u00e0 l&rsquo;\u00e9lection des d\u00e9put\u00e9s \u00e0 l&rsquo;Assembl\u00e9e Nationale, modifi\u00e9e,<\/li>\n<li>Vu l\u2019ordonnance N\u00b0 04\/92 du 18 f\u00e9vrier 1992 portant loi organique relative au Conseil Constitutionnel, modifi\u00e9e,<\/li>\n<li>Vu le r\u00e8glement N\u00b0 001 du 10 mars 1994 fixant les proc\u00e9dures suivies devant le Conseil Constitutionnel en mati\u00e8re d&rsquo;\u00e9lection des d\u00e9put\u00e9s \u00e0 l&rsquo;Assembl\u00e9e Nationale,<\/li>\n<li>Vula loi organique N\u00b0 2012\/029 du 12 avril 2012 modifiant l\u2019ordonnance N\u00b091\/028du 07 octobre 1991, modifi\u00e9e, portant loi organique relative \u00e0 l&rsquo;\u00e9lection desd\u00e9put\u00e9s \u00e0 l\u2019Assembl\u00e9eNationale,<\/li>\n<li>Vu la loi organique N\u00b0 013\/2018 du 15 f\u00e9vrier 2018 fixant les modalit\u00e9s de la recomposition du Conseil Constitutionnel,<\/li>\n<li>Vu la loi organique N\u00b0 2018\/030 du 17 juillet 2018 modifiant l&rsquo;ordonnance N\u00b0 91\/028 du 07 octobre 1991, modifi\u00e9e, relative \u00e0 l&rsquo;\u00e9lection des d\u00e9put\u00e9s \u00e0 l&rsquo;Assembl\u00e9e Nationale,<\/li>\n<li>Vula loi organique N\u00b0 2023\/013 du 23 f\u00e9vrier 2023 modifiant les dispositions de l&rsquo;article 3 (nouveau) de la loi organique N\u00b0 2018\/030 du 17 juillet 2018 modifiant l&rsquo;ordonnance N\u00b0 91\/028 du 07 octobre 1991, modifi\u00e9e, portant loi organique relative \u00e0 l&rsquo;\u00e9lection des d\u00e9put\u00e9s \u00e0 l&rsquo;Assembl\u00e9e Nationale,<\/li>\n<li>Vula loi organique N\u00b0 014\/2023 portant modification de certaines dispositions de la loi organique N\u00b0 029\/2012 du 12 avril 2012 portant modification de l&rsquo;ordonnance N\u00b0 028\/91 du 07 octobre 1991, modifi\u00e9e, portant loi organique relative \u00e0 l&rsquo;\u00e9lection des d\u00e9put\u00e9s \u00e0 l&rsquo;Assembl\u00e9e Nationale<\/li>\n<li>Vu la d\u00e9lib\u00e9ration de la Commission Electorale Nationale Ind\u00e9pendante N\u00b0018 du 21 mai 2023 relative \u00e0 l&rsquo;approbation de la proclamation des r\u00e9sultats du premier tour des \u00e9lections l\u00e9gislatives, r\u00e9gionales et municipales, qui s\u2019est d\u00e9roul\u00e9 le 13 mai 2023.<\/li>\n<li>Vu la requ\u00eate de recours introduite par Monsieur El Bou Ould Mohamed Ould Khatryet Abderrahmane Ahmed Ibrahim, candidats du Parti l\u2019Union pour la D\u00e9mocratie et le Progr\u00e8s \u00e0 la circonscription de Timb\u00e9dra aux \u00e9lections l\u00e9gislatives du 13\/05\/2023, re\u00e7ue au Secr\u00e9tariat G\u00e9n\u00e9ral du Conseil Constitutionnel le 29\/05\/2023, enregistr\u00e9e sous le N\u00b0 40 et portant un recours contre la d\u00e9cision de la Commission Electorale Nationale Ind\u00e9pendante, portant l&rsquo;\u00e9lection de MessieursSid Elemine Ould Sid M\u2019Hamed Ould Baba et Ahmedou Ould Mohamedou, d\u00e9put\u00e9s \u00e0 l\u2019Assembl\u00e9e Nationale pour la Moughataa de Timb\u00e9dra.<\/li>\n<\/ul>\n<p>&nbsp;<\/p>\n<p><strong>Sur la forme\u00a0:<\/strong><\/p>\n<p>&nbsp;<\/p>\n<p>Consid\u00e9rant que le recours a \u00e9t\u00e9 introduit conform\u00e9ment aux formes et d\u00e9lais pr\u00e9vus par l\u2019article 33 de l\u2019ordonnance 04\/92 du 18 f\u00e9vrier 1992 et par les articles 1, 2 et 3 du r\u00e8glement\u00a0 N\u00b0 001 du 10 mars 1994 fixant les proc\u00e9dures suivies devant le Conseil Constitutionnel en mati\u00e8re d&rsquo;\u00e9lection des d\u00e9put\u00e9s \u00e0 l&rsquo;Assembl\u00e9e Nationale.<\/p>\n<p>&nbsp;<\/p>\n<p>&nbsp;<\/p>\n<p>&nbsp;<\/p>\n<p>Par cons\u00e9quent il est recevable en la forme.<\/p>\n<p>&nbsp;<\/p>\n<p><strong>Sur le fond\u00a0:<\/strong><\/p>\n<p>&nbsp;<\/p>\n<p>Les deux requ\u00e9rant ont expos\u00e9 un ensemble d\u2019irr\u00e9gularit\u00e9s qu\u2019ils consid\u00e8rent avoir entach\u00e9 l\u2019op\u00e9ration du scrutin tenu le 13\/05\/2013, qu\u2019ils ont divis\u00e9es en g\u00e9n\u00e9rales et particuli\u00e8res.<\/p>\n<p>&nbsp;<\/p>\n<p>Parmi les g\u00e9n\u00e9rales, il y\u2019a\u00a0:<\/p>\n<p>&nbsp;<\/p>\n<ul>\n<li>La rupture des op\u00e9rations du d\u00e9pouillement dans certains bureaux<\/li>\n<li>Le d\u00e9compte d\u2019un grand nombre de bulletins nuls<\/li>\n<li>La violation de la loi par de nombreux proc\u00e8s &#8211; verbaux<\/li>\n<li>La non &#8211; remise de copies des proc\u00e8s &#8211; verbaux aux repr\u00e9sentants<\/li>\n<li>Le remplacement de certains pr\u00e9sidents de bureaux \u00e0 des heures tardives de la nuit et l\u2019expulsion des repr\u00e9sentants par certains pr\u00e9sidents.<\/li>\n<\/ul>\n<p>&nbsp;<\/p>\n<p>Quant aux particuli\u00e8res, elles comprennent\u00a0:<\/p>\n<p>&nbsp;<\/p>\n<ul>\n<li>Des irr\u00e9gularit\u00e9s au niveau de la circonscription de Timb\u00e9dra, indiqu\u00e9es dans le recours<\/li>\n<li>Des irr\u00e9gularit\u00e9s au niveau de la circonscription de la commune de Bouste\u00efla, relatives au proc\u00e8s &#8211; verbaux de deux bureaux, indiqu\u00e9es dans le recours<\/li>\n<li>Des irr\u00e9gularit\u00e9s \u00e0 Tou\u00efl, relatives au proc\u00e8s &#8211; verbal de Nbe\u00efkit Ennisse<\/li>\n<li>Des irr\u00e9gularit\u00e9s dansla commune de Coumbi Saleh, relatives \u00e0 deux bureaux, indiqu\u00e9es dans le recours<\/li>\n<li>Des irr\u00e9gularit\u00e9s dansla commune de Hassi Mhadi, relatives \u00e0 deux bureaux \u00e9galement.<\/li>\n<\/ul>\n<p>&nbsp;<\/p>\n<p>Consid\u00e9rant que les requ\u00e9rant sont joint \u00e0 leur recours des photocopies de certains proc\u00e8s- verbaux qui n\u2019ont pas montr\u00e9 la v\u00e9racit\u00e9 de ce qu\u2019ils pr\u00e9tendent.<\/p>\n<p>&nbsp;<\/p>\n<p>Consid\u00e9rant que les requ\u00e9rants n\u2019ont pas joint \u00e0 leur recours des preuves qui \u00e9tayent leurs conclusions, en violation des dispositions de l\u2019article 33 de l\u2019ordonnance N\u00b0 04\/92 du 18 f\u00e9vrier 1992 portant loi organique relative au Conseil Constitutionnel, modifi\u00e9e.<\/p>\n<p>&nbsp;<\/p>\n<p><strong>D\u00e9cide\u00a0:<\/strong><\/p>\n<p><strong>\u00a0<\/strong><\/p>\n<p><strong>Article premier:<\/strong> Le recours est recevable en la forme, rejet\u00e9 sur le fond pour absence de preuves et de confirmer la validit\u00e9 de l\u2019\u00e9lection de Messieurs Sid Elemine Ould Sid M\u2019Hamed Ould Baba et Ahmedou Ould Mohamedou, d\u00e9put\u00e9s \u00e0 l\u2019Assembl\u00e9e Nationale pour la Moughataa de Timb\u00e9dra.<\/p>\n<p>&nbsp;<\/p>\n<p><strong>Article Deux :<\/strong> La pr\u00e9sente d\u00e9cision sera communiqu\u00e9e \u00e0 qui de droit et publi\u00e9e au Journal Officiel de la R\u00e9publique Islamique de Mauritanie.<\/p>\n<p>&nbsp;<\/p>\n<p>d\u00e9lib\u00e9r\u00e9 par le Conseil constitutionnel en sa s\u00e9ance du 31\/05\/2023 sous la pr\u00e9sidence de Monsieur Diallo Mamadou Bathia en pr\u00e9sence des membres\u00a0:Aichetou Mint Dechagh ould M\u2019Ha\u00efmed, Mohamed Mahmoud Ould Seddiq, Ahmed Vall ould M\u2019Barek, Ahmed Ahmed Djebab, Hawa Tandia, Ikebrou Mohamed Seddiq, Ghali Mahmoud Abe\u00efd, Bilal ould Eddik.<\/p>\n<p>&nbsp;<\/p>\n<p><strong>Le Pr\u00e9sident \u00a0\u00a0\u00a0\u00a0\u00a0\u00a0\u00a0\u00a0\u00a0\u00a0\u00a0\u00a0\u00a0\u00a0\u00a0\u00a0\u00a0\u00a0\u00a0\u00a0\u00a0\u00a0\u00a0\u00a0\u00a0\u00a0\u00a0\u00a0\u00a0\u00a0\u00a0\u00a0\u00a0\u00a0\u00a0\u00a0\u00a0\u00a0\u00a0\u00a0\u00a0\u00a0\u00a0\u00a0\u00a0\u00a0\u00a0\u00a0\u00a0\u00a0\u00a0\u00a0\u00a0\u00a0\u00a0\u00a0\u00a0\u00a0\u00a0\u00a0\u00a0\u00a0\u00a0\u00a0\u00a0\u00a0\u00a0\u00a0\u00a0\u00a0\u00a0\u00a0Le Rapporteur<\/strong><\/p>\n<p><strong>Diallo Mamadou Bathia\u00a0\u00a0\u00a0\u00a0\u00a0\u00a0\u00a0\u00a0\u00a0\u00a0\u00a0\u00a0\u00a0\u00a0\u00a0\u00a0\u00a0\u00a0\u00a0\u00a0\u00a0\u00a0\u00a0\u00a0\u00a0\u00a0\u00a0\u00a0\u00a0\u00a0\u00a0\u00a0\u00a0\u00a0\u00a0\u00a0\u00a0\u00a0\u00a0\u00a0\u00a0\u00a0\u00a0\u00a0\u00a0 Me. Ahmed Vall ould M\u2019Barek<\/strong><\/p>\n<p><strong>\u00a0<\/strong><\/p>\n<p>&nbsp;<\/p>\n","protected":false},"excerpt":{"rendered":"<p>Le Conseil constitutionnel a \u00e9t\u00e9 saisi d&rsquo;une requ\u00eate de recours introduite par Monsieur El Bou Ould Mohamed Ould Khatryet Abderrahmane Ahmed Ibrahim, candidats du Parti l\u2019Union pour la D\u00e9mocratie et le Progr\u00e8s \u00e0 la circonscription de Timb\u00e9dra aux \u00e9lections l\u00e9gislatives du 13\/05\/2023, re\u00e7ue au Secr\u00e9tariat G\u00e9n\u00e9ral du Conseil Constitutionnel le 29\/05\/2023, enregistr\u00e9e sous le N\u00b0 40 et portant un recours contre la d\u00e9cision de la Commission Electorale Nationale Ind\u00e9pendante, portant l&rsquo;\u00e9lection de MessieursSid Elemine Ould Sid M\u2019Hamed Ould Baba et Ahmedou Ould Mohamedou, d\u00e9put\u00e9s \u00e0 l\u2019Assembl\u00e9e Nationale pour la Moughataa de Timb\u00e9dra. Voir d\u00e9cision&#8230;.<\/p>\n","protected":false},"author":3,"featured_media":0,"comment_status":"closed","ping_status":"closed","sticky":false,"template":"","format":"standard","meta":[],"categories":[7,18],"tags":[],"_links":{"self":[{"href":"https:\/\/conseil-constitutionnel.mr\/fr\/index.php?rest_route=\/wp\/v2\/posts\/1443"}],"collection":[{"href":"https:\/\/conseil-constitutionnel.mr\/fr\/index.php?rest_route=\/wp\/v2\/posts"}],"about":[{"href":"https:\/\/conseil-constitutionnel.mr\/fr\/index.php?rest_route=\/wp\/v2\/types\/post"}],"author":[{"embeddable":true,"href":"https:\/\/conseil-constitutionnel.mr\/fr\/index.php?rest_route=\/wp\/v2\/users\/3"}],"replies":[{"embeddable":true,"href":"https:\/\/conseil-constitutionnel.mr\/fr\/index.php?rest_route=%2Fwp%2Fv2%2Fcomments&post=1443"}],"version-history":[{"count":1,"href":"https:\/\/conseil-constitutionnel.mr\/fr\/index.php?rest_route=\/wp\/v2\/posts\/1443\/revisions"}],"predecessor-version":[{"id":1444,"href":"https:\/\/conseil-constitutionnel.mr\/fr\/index.php?rest_route=\/wp\/v2\/posts\/1443\/revisions\/1444"}],"wp:attachment":[{"href":"https:\/\/conseil-constitutionnel.mr\/fr\/index.php?rest_route=%2Fwp%2Fv2%2Fmedia&parent=1443"}],"wp:term":[{"taxonomy":"category","embeddable":true,"href":"https:\/\/conseil-constitutionnel.mr\/fr\/index.php?rest_route=%2Fwp%2Fv2%2Fcategories&post=1443"},{"taxonomy":"post_tag","embeddable":true,"href":"https:\/\/conseil-constitutionnel.mr\/fr\/index.php?rest_route=%2Fwp%2Fv2%2Ftags&post=1443"}],"curies":[{"name":"wp","href":"https:\/\/api.w.org\/{rel}","templated":true}]}}