{"id":1451,"date":"2023-08-02T17:47:56","date_gmt":"2023-08-02T15:47:56","guid":{"rendered":"http:\/\/conseil-constitutionnel.mr\/fr\/?p=1451"},"modified":"2023-08-03T19:09:02","modified_gmt":"2023-08-03T17:09:02","slug":"le-president-du-conseil-constitutionnel-recoit-lambssadeur-de-larabie-seoudite","status":"publish","type":"post","link":"https:\/\/conseil-constitutionnel.mr\/fr\/?p=1451","title":{"rendered":"Le Pr\u00e9sident du Conseil constitutionnel re\u00e7oit l&rsquo;Ambassadeur de l&rsquo;Arabie S\u00e9oudite"},"content":{"rendered":"<p><img loading=\"lazy\" class=\"alignnone size-medium wp-image-1454\" src=\"http:\/\/conseil-constitutionnel.mr\/fr\/wp-content\/uploads\/2023\/08\/Arabie2-300x200.jpg\" alt=\"\" width=\"300\" height=\"200\" srcset=\"https:\/\/conseil-constitutionnel.mr\/fr\/wp-content\/uploads\/2023\/08\/Arabie2-300x200.jpg 300w, https:\/\/conseil-constitutionnel.mr\/fr\/wp-content\/uploads\/2023\/08\/Arabie2-1024x682.jpg 1024w, https:\/\/conseil-constitutionnel.mr\/fr\/wp-content\/uploads\/2023\/08\/Arabie2-768x512.jpg 768w, https:\/\/conseil-constitutionnel.mr\/fr\/wp-content\/uploads\/2023\/08\/Arabie2-700x465.jpg 700w, https:\/\/conseil-constitutionnel.mr\/fr\/wp-content\/uploads\/2023\/08\/Arabie2.jpg 1280w\" sizes=\"(max-width: 300px) 100vw, 300px\" \/><img loading=\"lazy\" class=\"alignnone size-medium wp-image-1456\" src=\"http:\/\/conseil-constitutionnel.mr\/fr\/wp-content\/uploads\/2023\/08\/Arabie-3-300x200.jpg\" alt=\"\" width=\"300\" height=\"200\" srcset=\"https:\/\/conseil-constitutionnel.mr\/fr\/wp-content\/uploads\/2023\/08\/Arabie-3-300x200.jpg 300w, https:\/\/conseil-constitutionnel.mr\/fr\/wp-content\/uploads\/2023\/08\/Arabie-3-1024x682.jpg 1024w, https:\/\/conseil-constitutionnel.mr\/fr\/wp-content\/uploads\/2023\/08\/Arabie-3-768x512.jpg 768w, https:\/\/conseil-constitutionnel.mr\/fr\/wp-content\/uploads\/2023\/08\/Arabie-3-700x465.jpg 700w, https:\/\/conseil-constitutionnel.mr\/fr\/wp-content\/uploads\/2023\/08\/Arabie-3.jpg 1280w\" sizes=\"(max-width: 300px) 100vw, 300px\" \/>M. Diallo Mamadou Bathia ,Pr\u00e9sident du Conseil constitutionnel a re\u00e7u aujourd&rsquo;hui en audience son Excellence Mohamed Aid El Beloui, Ambassadeur du Royaume d&rsquo; Arabie S\u00e9oudite en Mauritanie.<\/p>\n<p>La rencontre a port\u00e9 sur diff\u00e9rents domaines de coop\u00e9ration entre les deux pays et sur les moyens de l\u2019am\u00e9liorer et de la d\u00e9velopper, en particulier dans les domaines judiciaire et constitutionnel.<\/p>\n<p>L\u2019audience s\u2019est d\u00e9roul\u00e9e en pr\u00e9sence de la secr\u00e9taire g\u00e9n\u00e9rale du Conseil, Mme Bneta Mint El Khaless.<\/p>\n","protected":false},"excerpt":{"rendered":"<p>M. Diallo Mamadou Bathia ,Pr\u00e9sident du Conseil constitutionnel a re\u00e7u aujourd&rsquo;hui en audience son Excellence Mohamed Aid El Beloui, Ambassadeur du Royaume d&rsquo; Arabie S\u00e9oudite &hellip; <\/p>\n","protected":false},"author":3,"featured_media":1452,"comment_status":"closed","ping_status":"closed","sticky":false,"template":"","format":"standard","meta":[],"categories":[21,20],"tags":[],"_links":{"self":[{"href":"https:\/\/conseil-constitutionnel.mr\/fr\/index.php?rest_route=\/wp\/v2\/posts\/1451"}],"collection":[{"href":"https:\/\/conseil-constitutionnel.mr\/fr\/index.php?rest_route=\/wp\/v2\/posts"}],"about":[{"href":"https:\/\/conseil-constitutionnel.mr\/fr\/index.php?rest_route=\/wp\/v2\/types\/post"}],"author":[{"embeddable":true,"href":"https:\/\/conseil-constitutionnel.mr\/fr\/index.php?rest_route=\/wp\/v2\/users\/3"}],"replies":[{"embeddable":true,"href":"https:\/\/conseil-constitutionnel.mr\/fr\/index.php?rest_route=%2Fwp%2Fv2%2Fcomments&post=1451"}],"version-history":[{"count":4,"href":"https:\/\/conseil-constitutionnel.mr\/fr\/index.php?rest_route=\/wp\/v2\/posts\/1451\/revisions"}],"predecessor-version":[{"id":1458,"href":"https:\/\/conseil-constitutionnel.mr\/fr\/index.php?rest_route=\/wp\/v2\/posts\/1451\/revisions\/1458"}],"wp:featuredmedia":[{"embeddable":true,"href":"https:\/\/conseil-constitutionnel.mr\/fr\/index.php?rest_route=\/wp\/v2\/media\/1452"}],"wp:attachment":[{"href":"https:\/\/conseil-constitutionnel.mr\/fr\/index.php?rest_route=%2Fwp%2Fv2%2Fmedia&parent=1451"}],"wp:term":[{"taxonomy":"category","embeddable":true,"href":"https:\/\/conseil-constitutionnel.mr\/fr\/index.php?rest_route=%2Fwp%2Fv2%2Fcategories&post=1451"},{"taxonomy":"post_tag","embeddable":true,"href":"https:\/\/conseil-constitutionnel.mr\/fr\/index.php?rest_route=%2Fwp%2Fv2%2Ftags&post=1451"}],"curies":[{"name":"wp","href":"https:\/\/api.w.org\/{rel}","templated":true}]}}