{"id":1474,"date":"2023-11-10T18:12:58","date_gmt":"2023-11-10T17:12:58","guid":{"rendered":"http:\/\/conseil-constitutionnel.mr\/fr\/?p=1474"},"modified":"2023-11-10T18:17:15","modified_gmt":"2023-11-10T17:17:15","slug":"le-president-du-conseil-constitutionnel-regagne-nouakchott","status":"publish","type":"post","link":"https:\/\/conseil-constitutionnel.mr\/fr\/?p=1474","title":{"rendered":"Le pr\u00e9sident du Conseil constitutionnel regagne Nouakchott"},"content":{"rendered":"<article id=\"post-233486\" class=\"post-233486 post type-post status-publish format-standard has-post-thumbnail category-autres category-fil-dactualite category-mauritanie single-post-content has-thumbnail\">\n<div class=\"post-header post-tp-1-header\">\n<h1 class=\"single-post-title\"><span class=\"post-title\">Le pr\u00e9sident du Conseil constitutionnel regagne Nouakchott<\/span><\/h1>\n<div class=\"post-meta-wrap clearfix\">\n<div class=\"post-meta single-post-meta\"><span class=\"time\"><time class=\"post-published updated\" datetime=\"2023-11-10T08:53:00+00:00\">On\u00a0<b>8:53 | 10 Nov 2023<\/b><\/time><\/span><\/div>\n<\/div>\n<div class=\"single-featured\"><a class=\"post-thumbnail open-lightbox\" href=\"https:\/\/ami.mr\/fr\/wp-content\/uploads\/2023\/11\/batia00000000000000.jpg\" rel=\"prettyPhoto\"><img loading=\"lazy\" class=\"b-loaded\" src=\"https:\/\/ami.mr\/fr\/wp-content\/uploads\/2023\/11\/batia00000000000000.jpg\" alt=\"\" width=\"297\" height=\"170\" \/><\/a><\/div>\n<\/div>\n<div class=\"entry-content clearfix single-post-content\">\n<div class=\"cell auto-size\">\n<div class=\"set-border bd-gray padding10 margin10 no-margin-right no-margin-left \" dir=\"ltr\">\n<p>Le pr\u00e9sident du Conseil constitutionnel, M. Diallo Mamadou Batia, est rentr\u00e9 vendredi \u00e0 l\u2019aube \u00e0 Nouakchott en provenance de l\u2019Inde apr\u00e8s avoir particip\u00e9 aux travaux de la Conf\u00e9rence des chefs de justice au monde, tenue du 31 octobre au 7 novembre \u00e0 Lucknow, en Inde.<\/p>\n<p>Le pr\u00e9sident du Conseil \u00e9tait accompagn\u00e9, au cours de ce d\u00e9placement, de M. Sidi Baba Ould Beki, charg\u00e9 des affaires administratives et des relations ext\u00e9rieures au Conseil.<\/p>\n<\/div>\n<\/div>\n<\/div>\n<\/article>\n<section class=\"next-prev-post clearfix\">\n<div class=\"prev-post\">\n<p class=\"pre-title heading-typo\"><i class=\"fa fa-arrow-left\"><\/i>\u00a0PREV POST<\/p>\n<p class=\"title heading-typo\"><a href=\"https:\/\/ami.mr\/fr\/archives\/233483\" rel=\"prev\">Session de formation sur la s\u00e9curit\u00e9 de la presse<\/a><\/p>\n<\/div>\n<div class=\"next-post\"><\/div>\n<\/section>\n","protected":false},"excerpt":{"rendered":"<p>Le pr\u00e9sident du Conseil constitutionnel regagne Nouakchott On\u00a08:53 | 10 Nov 2023 Le pr\u00e9sident du Conseil constitutionnel, M. Diallo Mamadou Batia, est rentr\u00e9 vendredi \u00e0 &hellip; <\/p>\n","protected":false},"author":3,"featured_media":1478,"comment_status":"closed","ping_status":"closed","sticky":false,"template":"","format":"standard","meta":[],"categories":[1],"tags":[],"_links":{"self":[{"href":"https:\/\/conseil-constitutionnel.mr\/fr\/index.php?rest_route=\/wp\/v2\/posts\/1474"}],"collection":[{"href":"https:\/\/conseil-constitutionnel.mr\/fr\/index.php?rest_route=\/wp\/v2\/posts"}],"about":[{"href":"https:\/\/conseil-constitutionnel.mr\/fr\/index.php?rest_route=\/wp\/v2\/types\/post"}],"author":[{"embeddable":true,"href":"https:\/\/conseil-constitutionnel.mr\/fr\/index.php?rest_route=\/wp\/v2\/users\/3"}],"replies":[{"embeddable":true,"href":"https:\/\/conseil-constitutionnel.mr\/fr\/index.php?rest_route=%2Fwp%2Fv2%2Fcomments&post=1474"}],"version-history":[{"count":1,"href":"https:\/\/conseil-constitutionnel.mr\/fr\/index.php?rest_route=\/wp\/v2\/posts\/1474\/revisions"}],"predecessor-version":[{"id":1477,"href":"https:\/\/conseil-constitutionnel.mr\/fr\/index.php?rest_route=\/wp\/v2\/posts\/1474\/revisions\/1477"}],"wp:featuredmedia":[{"embeddable":true,"href":"https:\/\/conseil-constitutionnel.mr\/fr\/index.php?rest_route=\/wp\/v2\/media\/1478"}],"wp:attachment":[{"href":"https:\/\/conseil-constitutionnel.mr\/fr\/index.php?rest_route=%2Fwp%2Fv2%2Fmedia&parent=1474"}],"wp:term":[{"taxonomy":"category","embeddable":true,"href":"https:\/\/conseil-constitutionnel.mr\/fr\/index.php?rest_route=%2Fwp%2Fv2%2Fcategories&post=1474"},{"taxonomy":"post_tag","embeddable":true,"href":"https:\/\/conseil-constitutionnel.mr\/fr\/index.php?rest_route=%2Fwp%2Fv2%2Ftags&post=1474"}],"curies":[{"name":"wp","href":"https:\/\/api.w.org\/{rel}","templated":true}]}}