{"id":1480,"date":"2023-11-18T14:11:11","date_gmt":"2023-11-18T13:11:11","guid":{"rendered":"http:\/\/conseil-constitutionnel.mr\/fr\/?p=1480"},"modified":"2023-11-18T14:28:13","modified_gmt":"2023-11-18T13:28:13","slug":"un-nouveau-membre-de-la-ceni-serment","status":"publish","type":"post","link":"https:\/\/conseil-constitutionnel.mr\/fr\/?p=1480","title":{"rendered":"Un nouveau membre de la Ceni\u00a0pr\u00eate serment"},"content":{"rendered":"<header class=\"entry-header\">\n<h1 class=\"entry-title\"><img loading=\"lazy\" class=\"alignnone size-medium wp-image-1484\" src=\"http:\/\/conseil-constitutionnel.mr\/fr\/wp-content\/uploads\/2023\/11\/Ceni-serment-3-300x172.jpg\" alt=\"\" width=\"300\" height=\"172\" srcset=\"https:\/\/conseil-constitutionnel.mr\/fr\/wp-content\/uploads\/2023\/11\/Ceni-serment-3-300x172.jpg 300w, https:\/\/conseil-constitutionnel.mr\/fr\/wp-content\/uploads\/2023\/11\/Ceni-serment-3.jpg 750w\" sizes=\"(max-width: 300px) 100vw, 300px\" \/><\/h1>\n<div class=\"entry-meta\"><\/div>\n<\/header>\n<div class=\"entry-content\">\n<p>Un nouveau membre du Comit\u00e9 directeur de la Commission \u00e9lectorale nationale ind\u00e9pendante (Ceni) a pr\u00eat\u00e9 serment, Jeudi le 16\/11\/2023, devant les membres du Conseil constitutionnel pr\u00e9sid\u00e9 par M. Diallo Mamadou Bathia, pr\u00e9sident du Conseil.<\/p>\n<p>Le pr\u00e9sident du Conseil constitutionnel a appel\u00e9 le nouveau membre du Comit\u00e9 directeur de la Commission \u00e9lectorale nationale ind\u00e9pendante a pr\u00eat\u00e9 le serment qui suit:<\/p>\n<p>\u201cJe jure par Allah le Tout-puissant de bien et fid\u00e8lement remplir ma fonction, de l\u2019exercer en toute impartialit\u00e9, dans le respect des lois de la R\u00e9publique Islamique de Mauritanie et de garder le secret des d\u00e9lib\u00e9rations, m\u00eame apr\u00e8s la cessation de mes fonctions \u201c.<\/p>\n<p>Apr\u00e8s la prestation de serment, le pr\u00e9sident du Conseil Constitutionnel a annonc\u00e9 l\u2019investiture du membre du comit\u00e9 directeur de la CENI dans l\u2019exercice de ses nouvelles fonctions.<\/p>\n<\/div>\n","protected":false},"excerpt":{"rendered":"<p>Un nouveau membre du Comit\u00e9 directeur de la Commission \u00e9lectorale nationale ind\u00e9pendante (Ceni) a pr\u00eat\u00e9 serment, Jeudi le 16\/11\/2023, devant les membres du Conseil constitutionnel &hellip; <\/p>\n","protected":false},"author":3,"featured_media":1482,"comment_status":"closed","ping_status":"closed","sticky":false,"template":"","format":"standard","meta":[],"categories":[21,20],"tags":[],"_links":{"self":[{"href":"https:\/\/conseil-constitutionnel.mr\/fr\/index.php?rest_route=\/wp\/v2\/posts\/1480"}],"collection":[{"href":"https:\/\/conseil-constitutionnel.mr\/fr\/index.php?rest_route=\/wp\/v2\/posts"}],"about":[{"href":"https:\/\/conseil-constitutionnel.mr\/fr\/index.php?rest_route=\/wp\/v2\/types\/post"}],"author":[{"embeddable":true,"href":"https:\/\/conseil-constitutionnel.mr\/fr\/index.php?rest_route=\/wp\/v2\/users\/3"}],"replies":[{"embeddable":true,"href":"https:\/\/conseil-constitutionnel.mr\/fr\/index.php?rest_route=%2Fwp%2Fv2%2Fcomments&post=1480"}],"version-history":[{"count":4,"href":"https:\/\/conseil-constitutionnel.mr\/fr\/index.php?rest_route=\/wp\/v2\/posts\/1480\/revisions"}],"predecessor-version":[{"id":1487,"href":"https:\/\/conseil-constitutionnel.mr\/fr\/index.php?rest_route=\/wp\/v2\/posts\/1480\/revisions\/1487"}],"wp:featuredmedia":[{"embeddable":true,"href":"https:\/\/conseil-constitutionnel.mr\/fr\/index.php?rest_route=\/wp\/v2\/media\/1482"}],"wp:attachment":[{"href":"https:\/\/conseil-constitutionnel.mr\/fr\/index.php?rest_route=%2Fwp%2Fv2%2Fmedia&parent=1480"}],"wp:term":[{"taxonomy":"category","embeddable":true,"href":"https:\/\/conseil-constitutionnel.mr\/fr\/index.php?rest_route=%2Fwp%2Fv2%2Fcategories&post=1480"},{"taxonomy":"post_tag","embeddable":true,"href":"https:\/\/conseil-constitutionnel.mr\/fr\/index.php?rest_route=%2Fwp%2Fv2%2Ftags&post=1480"}],"curies":[{"name":"wp","href":"https:\/\/api.w.org\/{rel}","templated":true}]}}