{"id":1490,"date":"2023-11-28T19:05:06","date_gmt":"2023-11-28T18:05:06","guid":{"rendered":"http:\/\/conseil-constitutionnel.mr\/fr\/?p=1490"},"modified":"2023-11-28T19:09:47","modified_gmt":"2023-11-28T18:09:47","slug":"le-conseil-constitutionnel-participe-au-6eme-dialogue-judiciaire","status":"publish","type":"post","link":"https:\/\/conseil-constitutionnel.mr\/fr\/?p=1490","title":{"rendered":"Le Conseil constitutionnel participe au 6\u00e8me Dialogue Judiciaire"},"content":{"rendered":"<p><img loading=\"lazy\" class=\"alignnone size-medium wp-image-1495\" src=\"http:\/\/conseil-constitutionnel.mr\/fr\/wp-content\/uploads\/2023\/11\/Aicha-Algerie-2-300x225.jpg\" alt=\"\" width=\"300\" height=\"225\" srcset=\"https:\/\/conseil-constitutionnel.mr\/fr\/wp-content\/uploads\/2023\/11\/Aicha-Algerie-2-300x225.jpg 300w, https:\/\/conseil-constitutionnel.mr\/fr\/wp-content\/uploads\/2023\/11\/Aicha-Algerie-2-1024x768.jpg 1024w, https:\/\/conseil-constitutionnel.mr\/fr\/wp-content\/uploads\/2023\/11\/Aicha-Algerie-2-768x576.jpg 768w, https:\/\/conseil-constitutionnel.mr\/fr\/wp-content\/uploads\/2023\/11\/Aicha-Algerie-2.jpg 1280w\" sizes=\"(max-width: 300px) 100vw, 300px\" \/>Madame Aicha Mint D\u00e9chag a particip\u00e9 au 6eme Dialogue judiciaire organis\u00e9 par la Cour Africaine des droits de l&rsquo;homme et des peuples qui s&rsquo;est tenu \u00e0 alger R\u00e9publique Algerienne du 20 au 22 Novembre 2023.<\/p>\n","protected":false},"excerpt":{"rendered":"<p>Madame Aicha Mint D\u00e9chag a particip\u00e9 au 6eme Dialogue judiciaire organis\u00e9 par la Cour Africaine des droits de l&rsquo;homme et des peuples qui s&rsquo;est tenu &hellip; <\/p>\n","protected":false},"author":3,"featured_media":1493,"comment_status":"closed","ping_status":"closed","sticky":false,"template":"","format":"standard","meta":[],"categories":[21,20],"tags":[],"_links":{"self":[{"href":"https:\/\/conseil-constitutionnel.mr\/fr\/index.php?rest_route=\/wp\/v2\/posts\/1490"}],"collection":[{"href":"https:\/\/conseil-constitutionnel.mr\/fr\/index.php?rest_route=\/wp\/v2\/posts"}],"about":[{"href":"https:\/\/conseil-constitutionnel.mr\/fr\/index.php?rest_route=\/wp\/v2\/types\/post"}],"author":[{"embeddable":true,"href":"https:\/\/conseil-constitutionnel.mr\/fr\/index.php?rest_route=\/wp\/v2\/users\/3"}],"replies":[{"embeddable":true,"href":"https:\/\/conseil-constitutionnel.mr\/fr\/index.php?rest_route=%2Fwp%2Fv2%2Fcomments&post=1490"}],"version-history":[{"count":2,"href":"https:\/\/conseil-constitutionnel.mr\/fr\/index.php?rest_route=\/wp\/v2\/posts\/1490\/revisions"}],"predecessor-version":[{"id":1496,"href":"https:\/\/conseil-constitutionnel.mr\/fr\/index.php?rest_route=\/wp\/v2\/posts\/1490\/revisions\/1496"}],"wp:featuredmedia":[{"embeddable":true,"href":"https:\/\/conseil-constitutionnel.mr\/fr\/index.php?rest_route=\/wp\/v2\/media\/1493"}],"wp:attachment":[{"href":"https:\/\/conseil-constitutionnel.mr\/fr\/index.php?rest_route=%2Fwp%2Fv2%2Fmedia&parent=1490"}],"wp:term":[{"taxonomy":"category","embeddable":true,"href":"https:\/\/conseil-constitutionnel.mr\/fr\/index.php?rest_route=%2Fwp%2Fv2%2Fcategories&post=1490"},{"taxonomy":"post_tag","embeddable":true,"href":"https:\/\/conseil-constitutionnel.mr\/fr\/index.php?rest_route=%2Fwp%2Fv2%2Ftags&post=1490"}],"curies":[{"name":"wp","href":"https:\/\/api.w.org\/{rel}","templated":true}]}}