{"id":1644,"date":"2024-05-15T22:17:38","date_gmt":"2024-05-15T20:17:38","guid":{"rendered":"http:\/\/conseil-constitutionnel.mr\/fr\/?p=1644"},"modified":"2024-05-15T22:25:18","modified_gmt":"2024-05-15T20:25:18","slug":"depot-de-candidature-pour-les-elections-presentielles-du-29-juin-2024-4","status":"publish","type":"post","link":"https:\/\/conseil-constitutionnel.mr\/fr\/?p=1644","title":{"rendered":"D\u00e9pot de candidature pour les \u00e9lections pr\u00e9sentielles du 29 Juin 2024"},"content":{"rendered":"<p>M. El Id Mohameden M&rsquo;Bareck a pr\u00e9sent\u00e9 aujour\u2019hui Mercredi 15\/05\/2024, au secr\u00e9tariat G\u00e9n\u00e9ral du Conseil constitutionnel, sa candidature aux \u00e9lections pr\u00e9sidentielles dont le premier tour est fix\u00e9 au 29\/06\/2024.<\/p>\n<p><img loading=\"lazy\" class=\"alignnone size-medium wp-image-1648\" src=\"http:\/\/conseil-constitutionnel.mr\/fr\/wp-content\/uploads\/2024\/05\/id-2-300x225.jpg\" alt=\"\" width=\"300\" height=\"225\" srcset=\"https:\/\/conseil-constitutionnel.mr\/fr\/wp-content\/uploads\/2024\/05\/id-2-300x225.jpg 300w, https:\/\/conseil-constitutionnel.mr\/fr\/wp-content\/uploads\/2024\/05\/id-2-1024x768.jpg 1024w, https:\/\/conseil-constitutionnel.mr\/fr\/wp-content\/uploads\/2024\/05\/id-2-768x576.jpg 768w, https:\/\/conseil-constitutionnel.mr\/fr\/wp-content\/uploads\/2024\/05\/id-2.jpg 1080w\" sizes=\"(max-width: 300px) 100vw, 300px\" \/><img loading=\"lazy\" class=\"alignnone size-medium wp-image-1650\" src=\"http:\/\/conseil-constitutionnel.mr\/fr\/wp-content\/uploads\/2024\/05\/Id-3-300x222.jpg\" alt=\"\" width=\"300\" height=\"222\" srcset=\"https:\/\/conseil-constitutionnel.mr\/fr\/wp-content\/uploads\/2024\/05\/Id-3-300x222.jpg 300w, https:\/\/conseil-constitutionnel.mr\/fr\/wp-content\/uploads\/2024\/05\/Id-3-1024x759.jpg 1024w, https:\/\/conseil-constitutionnel.mr\/fr\/wp-content\/uploads\/2024\/05\/Id-3-768x569.jpg 768w, https:\/\/conseil-constitutionnel.mr\/fr\/wp-content\/uploads\/2024\/05\/Id-3.jpg 1080w\" sizes=\"(max-width: 300px) 100vw, 300px\" \/><img loading=\"lazy\" class=\"alignnone size-medium wp-image-1651\" src=\"http:\/\/conseil-constitutionnel.mr\/fr\/wp-content\/uploads\/2024\/05\/id-4-300x232.jpg\" alt=\"\" width=\"300\" height=\"232\" srcset=\"https:\/\/conseil-constitutionnel.mr\/fr\/wp-content\/uploads\/2024\/05\/id-4-300x232.jpg 300w, https:\/\/conseil-constitutionnel.mr\/fr\/wp-content\/uploads\/2024\/05\/id-4-1024x792.jpg 1024w, https:\/\/conseil-constitutionnel.mr\/fr\/wp-content\/uploads\/2024\/05\/id-4-768x594.jpg 768w, https:\/\/conseil-constitutionnel.mr\/fr\/wp-content\/uploads\/2024\/05\/id-4.jpg 1080w\" sizes=\"(max-width: 300px) 100vw, 300px\" \/><img loading=\"lazy\" class=\"alignnone size-medium wp-image-1652\" src=\"http:\/\/conseil-constitutionnel.mr\/fr\/wp-content\/uploads\/2024\/05\/id5-300x218.jpg\" alt=\"\" width=\"300\" height=\"218\" srcset=\"https:\/\/conseil-constitutionnel.mr\/fr\/wp-content\/uploads\/2024\/05\/id5-300x218.jpg 300w, https:\/\/conseil-constitutionnel.mr\/fr\/wp-content\/uploads\/2024\/05\/id5-1024x742.jpg 1024w, https:\/\/conseil-constitutionnel.mr\/fr\/wp-content\/uploads\/2024\/05\/id5-768x557.jpg 768w, https:\/\/conseil-constitutionnel.mr\/fr\/wp-content\/uploads\/2024\/05\/id5.jpg 1080w\" sizes=\"(max-width: 300px) 100vw, 300px\" \/><\/p>\n","protected":false},"excerpt":{"rendered":"<p>M. El Id Mohameden M&rsquo;Bareck a pr\u00e9sent\u00e9 aujour\u2019hui Mercredi 15\/05\/2024, au secr\u00e9tariat G\u00e9n\u00e9ral du Conseil constitutionnel, sa candidature aux \u00e9lections pr\u00e9sidentielles dont le premier tour &hellip; <\/p>\n","protected":false},"author":3,"featured_media":1645,"comment_status":"closed","ping_status":"closed","sticky":false,"template":"","format":"standard","meta":[],"categories":[20,18],"tags":[],"_links":{"self":[{"href":"https:\/\/conseil-constitutionnel.mr\/fr\/index.php?rest_route=\/wp\/v2\/posts\/1644"}],"collection":[{"href":"https:\/\/conseil-constitutionnel.mr\/fr\/index.php?rest_route=\/wp\/v2\/posts"}],"about":[{"href":"https:\/\/conseil-constitutionnel.mr\/fr\/index.php?rest_route=\/wp\/v2\/types\/post"}],"author":[{"embeddable":true,"href":"https:\/\/conseil-constitutionnel.mr\/fr\/index.php?rest_route=\/wp\/v2\/users\/3"}],"replies":[{"embeddable":true,"href":"https:\/\/conseil-constitutionnel.mr\/fr\/index.php?rest_route=%2Fwp%2Fv2%2Fcomments&post=1644"}],"version-history":[{"count":4,"href":"https:\/\/conseil-constitutionnel.mr\/fr\/index.php?rest_route=\/wp\/v2\/posts\/1644\/revisions"}],"predecessor-version":[{"id":1654,"href":"https:\/\/conseil-constitutionnel.mr\/fr\/index.php?rest_route=\/wp\/v2\/posts\/1644\/revisions\/1654"}],"wp:featuredmedia":[{"embeddable":true,"href":"https:\/\/conseil-constitutionnel.mr\/fr\/index.php?rest_route=\/wp\/v2\/media\/1645"}],"wp:attachment":[{"href":"https:\/\/conseil-constitutionnel.mr\/fr\/index.php?rest_route=%2Fwp%2Fv2%2Fmedia&parent=1644"}],"wp:term":[{"taxonomy":"category","embeddable":true,"href":"https:\/\/conseil-constitutionnel.mr\/fr\/index.php?rest_route=%2Fwp%2Fv2%2Fcategories&post=1644"},{"taxonomy":"post_tag","embeddable":true,"href":"https:\/\/conseil-constitutionnel.mr\/fr\/index.php?rest_route=%2Fwp%2Fv2%2Ftags&post=1644"}],"curies":[{"name":"wp","href":"https:\/\/api.w.org\/{rel}","templated":true}]}}