{"id":1737,"date":"2024-12-14T18:54:51","date_gmt":"2024-12-14T17:54:51","guid":{"rendered":"http:\/\/conseil-constitutionnel.mr\/fr\/?p=1737"},"modified":"2024-12-14T18:54:51","modified_gmt":"2024-12-14T17:54:51","slug":"le-president-du-conseil-constitutionnel-a-appele-au-respect-de-la-constitution-et-des-institutions-tout-en-mettant-en-garde-contre-les-debats-sur-un-eventuel-troisieme-mandat","status":"publish","type":"post","link":"https:\/\/conseil-constitutionnel.mr\/fr\/?p=1737","title":{"rendered":"le pr\u00e9sident du Conseil constitutionnel a appel\u00e9 au respect de la Constitution et des institutions, tout en mettant en garde contre les d\u00e9bats sur un \u00e9ventuel troisi\u00e8me mandat."},"content":{"rendered":"<p><strong>Lors de la prestation de serment du pr\u00e9sident Mohammed Ould Ghazouani pour son second mandat, le pr\u00e9sident du Conseil constitutionnel a appel\u00e9 au respect de la Constitution et des institutions, tout en mettant en garde contre les d\u00e9bats sur un \u00e9ventuel troisi\u00e8me mandat.<\/strong><\/p>\n<p>Ce jeudi 1er ao\u00fbt 2024, la Mauritanie a v\u00e9cu un moment historique avec la prestation de serment du pr\u00e9sident Mohammed Ould Ghazouani pour son second et dernier mandat selon la Constitution du pays. L\u2019\u00e9v\u00e9nement a \u00e9t\u00e9 marqu\u00e9 par un discours percutant de M. Bathia Mamadou Diallo, pr\u00e9sident du Conseil constitutionnel, qui a abord\u00e9 des questions cruciales pour l\u2019avenir d\u00e9mocratique du pays, notamment la limitation des mandats pr\u00e9sidentiels et le r\u00f4le des institutions dans la r\u00e9solution des conflits politiques.<\/p>\n<p>Dans son allocution, M. Diallo a fermement mis en garde contre toute tentative ou sp\u00e9culation concernant un \u00e9ventuel troisi\u00e8me mandat pr\u00e9sidentiel. Il a soulign\u00e9 que de tels d\u00e9bats, qualifi\u00e9s d\u2019\u00ab\u00a0<em>inutiles<\/em>\u00a0\u00bb et d\u2019\u00a0\u00ab\u00a0<em>inappropri\u00e9s<\/em>\u00a0\u00bb, risquaient de monopoliser le paysage politique et de causer des d\u00e9g\u00e2ts consid\u00e9rables, comme cela a pu \u00eatre observ\u00e9 dans d\u2019autres pays africains.<\/p>\n<p>\u00ab\u00a0<em>Nous avons vu les d\u00e9g\u00e2ts et le g\u00e2chis que cela a souvent caus\u00e9s, car l\u00e0, nous en faisons les frais<\/em>\u00a0\u00bb, a d\u00e9clar\u00e9 M. Diallo, faisant r\u00e9f\u00e9rence aux crises politiques provoqu\u00e9es par les tentatives de modification constitutionnelle dans certains pays voisins.<\/p>\n<p>Le pr\u00e9sident du Conseil constitutionnel a insist\u00e9 sur l\u2019importance de respecter la Constitution et de faire confiance aux institutions existantes pour r\u00e9soudre pacifiquement et l\u00e9galement tout probl\u00e8me institutionnel qui pourrait survenir.<\/p>\n<p>Il a appel\u00e9 \u00e0 la responsabilit\u00e9 de tous les acteurs politiques, indiquant que \u00ab\u00a0<em>le seul combat qui vaille est celui qui consiste \u00e0 respecter notre Constitution et \u00e0 croire en nos institutions en veillant \u00e0 leur renforcement, leur stabilit\u00e9, seul gage pour la p\u00e9rennit\u00e9 de notre d\u00e9mocratie<\/em>.\u00a0\u00bb<\/p>\n<p>Dans un message implicite adress\u00e9 \u00e0 l\u2019opposition, M. Diallo a encourag\u00e9 le recours aux voies l\u00e9gales et institutionnelles pour r\u00e9gler tout diff\u00e9rend politique. Il a rappel\u00e9 que les institutions mauritaniennes sont con\u00e7ues pour prendre en charge ces questions de mani\u00e8re pacifique et dans le respect du droit.<\/p>\n<p>\u00ab\u00a0<em>Nos institutions permettent de r\u00e9soudre pacifiquement et dans le respect du droit tous les probl\u00e8mes institutionnels qui peuvent se poser ici<\/em>\u00a0\u00bb, a-t-il affirm\u00e9, invitant ainsi l\u2019opposition \u00e0 privil\u00e9gier le dialogue et les recours l\u00e9gaux plut\u00f4t que la confrontation directe.<\/p>\n<p>Diallo a \u00e9galement relev\u00e9 l\u2019importance de la stabilit\u00e9 institutionnelle comme fondement de la d\u00e9mocratie mauritanienne, tout en reconnaissant la n\u00e9cessit\u00e9 de r\u00e9ajustements \u00e9tatiques au fil du temps. Il a cependant insist\u00e9 sur le fait que ces changements doivent toujours se faire \u00ab\u00a0<em>par le dialogue, la concertation et la solidarit\u00e9<\/em>.\u00a0\u00bb<\/p>\n<p><strong>ARD\/ac\/APA<\/strong><\/p>\n<p><img loading=\"lazy\" class=\"alignnone size-medium wp-image-1738\" src=\"http:\/\/conseil-constitutionnel.mr\/fr\/wp-content\/uploads\/2024\/12\/bathiamadou-300x143.jpg\" alt=\"\" width=\"300\" height=\"143\" srcset=\"https:\/\/conseil-constitutionnel.mr\/fr\/wp-content\/uploads\/2024\/12\/bathiamadou-300x143.jpg 300w, https:\/\/conseil-constitutionnel.mr\/fr\/wp-content\/uploads\/2024\/12\/bathiamadou-768x365.jpg 768w, https:\/\/conseil-constitutionnel.mr\/fr\/wp-content\/uploads\/2024\/12\/bathiamadou.jpg 886w\" sizes=\"(max-width: 300px) 100vw, 300px\" \/><\/p>\n","protected":false},"excerpt":{"rendered":"<p>Lors de la prestation de serment du pr\u00e9sident Mohammed Ould Ghazouani pour son second mandat, le pr\u00e9sident du Conseil constitutionnel a appel\u00e9 au respect de &hellip; <\/p>\n","protected":false},"author":3,"featured_media":1739,"comment_status":"closed","ping_status":"closed","sticky":false,"template":"","format":"standard","meta":[],"categories":[15],"tags":[],"_links":{"self":[{"href":"https:\/\/conseil-constitutionnel.mr\/fr\/index.php?rest_route=\/wp\/v2\/posts\/1737"}],"collection":[{"href":"https:\/\/conseil-constitutionnel.mr\/fr\/index.php?rest_route=\/wp\/v2\/posts"}],"about":[{"href":"https:\/\/conseil-constitutionnel.mr\/fr\/index.php?rest_route=\/wp\/v2\/types\/post"}],"author":[{"embeddable":true,"href":"https:\/\/conseil-constitutionnel.mr\/fr\/index.php?rest_route=\/wp\/v2\/users\/3"}],"replies":[{"embeddable":true,"href":"https:\/\/conseil-constitutionnel.mr\/fr\/index.php?rest_route=%2Fwp%2Fv2%2Fcomments&post=1737"}],"version-history":[{"count":1,"href":"https:\/\/conseil-constitutionnel.mr\/fr\/index.php?rest_route=\/wp\/v2\/posts\/1737\/revisions"}],"predecessor-version":[{"id":1740,"href":"https:\/\/conseil-constitutionnel.mr\/fr\/index.php?rest_route=\/wp\/v2\/posts\/1737\/revisions\/1740"}],"wp:featuredmedia":[{"embeddable":true,"href":"https:\/\/conseil-constitutionnel.mr\/fr\/index.php?rest_route=\/wp\/v2\/media\/1739"}],"wp:attachment":[{"href":"https:\/\/conseil-constitutionnel.mr\/fr\/index.php?rest_route=%2Fwp%2Fv2%2Fmedia&parent=1737"}],"wp:term":[{"taxonomy":"category","embeddable":true,"href":"https:\/\/conseil-constitutionnel.mr\/fr\/index.php?rest_route=%2Fwp%2Fv2%2Fcategories&post=1737"},{"taxonomy":"post_tag","embeddable":true,"href":"https:\/\/conseil-constitutionnel.mr\/fr\/index.php?rest_route=%2Fwp%2Fv2%2Ftags&post=1737"}],"curies":[{"name":"wp","href":"https:\/\/api.w.org\/{rel}","templated":true}]}}