{"id":1762,"date":"2025-02-12T17:49:49","date_gmt":"2025-02-12T16:49:49","guid":{"rendered":"http:\/\/conseil-constitutionnel.mr\/fr\/?p=1762"},"modified":"2025-02-12T19:30:36","modified_gmt":"2025-02-12T18:30:36","slug":"le-president-recoit-une-delegation-de-lunion-europeenne","status":"publish","type":"post","link":"https:\/\/conseil-constitutionnel.mr\/fr\/?p=1762","title":{"rendered":"Le Pr\u00e9sident re\u00e7oit une d\u00e9l\u00e9gation de l&rsquo;Union europ\u00e9enne"},"content":{"rendered":"<p>Monsieur Diallo Mamadou Bathia,Pr\u00e9sident du Conseil constitutionnel a re\u00e7u aujourd&rsquo;hui en audience une d\u00e9l\u00e9gation de l&rsquo;Union europ\u00e9enne conduite par l&rsquo;Ambassadeur Filiberto Seriani Sebregondi accompagn\u00e9 de Madame Madjiguene Thiam et de M. Ahmed Echraf Maktouf.<\/p>\n<p>Les discutions ont port\u00e9 sur les relations qui existent entre l&rsquo;Oganisme europ\u00e9en et la R\u00e9publique Islamique de Mauritanie surtout en mati\u00e8re de renforcement de la justice constitutionnelle.<\/p>\n<p>L&rsquo;audience s&rsquo;est d\u00e9roul\u00e9e en pr\u00e9sence de Mme Ebneta mint El Khaless, Secr\u00e9taire G\u00e9n\u00e9rale du Conseil.<\/p>\n<p><img loading=\"lazy\" class=\"alignnone size-medium wp-image-1764\" src=\"http:\/\/conseil-constitutionnel.mr\/fr\/wp-content\/uploads\/2025\/02\/Audience2-300x169.jpg\" alt=\"\" width=\"300\" height=\"169\" srcset=\"https:\/\/conseil-constitutionnel.mr\/fr\/wp-content\/uploads\/2025\/02\/Audience2-300x169.jpg 300w, https:\/\/conseil-constitutionnel.mr\/fr\/wp-content\/uploads\/2025\/02\/Audience2-1024x576.jpg 1024w, https:\/\/conseil-constitutionnel.mr\/fr\/wp-content\/uploads\/2025\/02\/Audience2-768x432.jpg 768w, https:\/\/conseil-constitutionnel.mr\/fr\/wp-content\/uploads\/2025\/02\/Audience2-1536x864.jpg 1536w, https:\/\/conseil-constitutionnel.mr\/fr\/wp-content\/uploads\/2025\/02\/Audience2-2048x1153.jpg 2048w\" sizes=\"(max-width: 300px) 100vw, 300px\" \/><\/p>\n","protected":false},"excerpt":{"rendered":"<p>Monsieur Diallo Mamadou Bathia,Pr\u00e9sident du Conseil constitutionnel a re\u00e7u aujourd&rsquo;hui en audience une d\u00e9l\u00e9gation de l&rsquo;Union europ\u00e9enne conduite par l&rsquo;Ambassadeur Filiberto Seriani Sebregondi accompagn\u00e9 de &hellip; <\/p>\n","protected":false},"author":3,"featured_media":1763,"comment_status":"closed","ping_status":"closed","sticky":false,"template":"","format":"standard","meta":[],"categories":[21],"tags":[],"_links":{"self":[{"href":"https:\/\/conseil-constitutionnel.mr\/fr\/index.php?rest_route=\/wp\/v2\/posts\/1762"}],"collection":[{"href":"https:\/\/conseil-constitutionnel.mr\/fr\/index.php?rest_route=\/wp\/v2\/posts"}],"about":[{"href":"https:\/\/conseil-constitutionnel.mr\/fr\/index.php?rest_route=\/wp\/v2\/types\/post"}],"author":[{"embeddable":true,"href":"https:\/\/conseil-constitutionnel.mr\/fr\/index.php?rest_route=\/wp\/v2\/users\/3"}],"replies":[{"embeddable":true,"href":"https:\/\/conseil-constitutionnel.mr\/fr\/index.php?rest_route=%2Fwp%2Fv2%2Fcomments&post=1762"}],"version-history":[{"count":5,"href":"https:\/\/conseil-constitutionnel.mr\/fr\/index.php?rest_route=\/wp\/v2\/posts\/1762\/revisions"}],"predecessor-version":[{"id":1769,"href":"https:\/\/conseil-constitutionnel.mr\/fr\/index.php?rest_route=\/wp\/v2\/posts\/1762\/revisions\/1769"}],"wp:featuredmedia":[{"embeddable":true,"href":"https:\/\/conseil-constitutionnel.mr\/fr\/index.php?rest_route=\/wp\/v2\/media\/1763"}],"wp:attachment":[{"href":"https:\/\/conseil-constitutionnel.mr\/fr\/index.php?rest_route=%2Fwp%2Fv2%2Fmedia&parent=1762"}],"wp:term":[{"taxonomy":"category","embeddable":true,"href":"https:\/\/conseil-constitutionnel.mr\/fr\/index.php?rest_route=%2Fwp%2Fv2%2Fcategories&post=1762"},{"taxonomy":"post_tag","embeddable":true,"href":"https:\/\/conseil-constitutionnel.mr\/fr\/index.php?rest_route=%2Fwp%2Fv2%2Ftags&post=1762"}],"curies":[{"name":"wp","href":"https:\/\/api.w.org\/{rel}","templated":true}]}}