{"id":1772,"date":"2025-03-03T15:27:53","date_gmt":"2025-03-03T14:27:53","guid":{"rendered":"http:\/\/conseil-constitutionnel.mr\/fr\/?p=1772"},"modified":"2025-05-15T17:30:48","modified_gmt":"2025-05-15T15:30:48","slug":"le-conseil-constitutionnel-participe-a-lassemblee-generale-des-cours-et-conseils-constitutionnels-arabes","status":"publish","type":"post","link":"https:\/\/conseil-constitutionnel.mr\/fr\/?p=1772","title":{"rendered":"Le conseil constitutionnel participe \u00e0 L&rsquo;Assembl\u00e9e G\u00e9n\u00e9rale des cours et conseils constitutionnels arabes"},"content":{"rendered":"<p>Monsieur Diallo Mamadou Bathia,Pr\u00e9sident du Conseil constitutionnel a particip\u00e9 \u00e0 l&rsquo;Assembl\u00e9e G\u00e9n\u00e9rale de l&rsquo;Association des cours et conseils constitutionnels arabes tenue \u00e0 abu Dhabi du 24 au 26 F\u00e9vrier 2025.<\/p>\n<p>&nbsp;<\/p>\n","protected":false},"excerpt":{"rendered":"<p>Monsieur Diallo Mamadou Bathia,Pr\u00e9sident du Conseil constitutionnel a particip\u00e9 \u00e0 l&rsquo;Assembl\u00e9e G\u00e9n\u00e9rale de l&rsquo;Association des cours et conseils constitutionnels arabes tenue \u00e0 abu Dhabi du &hellip; <\/p>\n","protected":false},"author":3,"featured_media":1782,"comment_status":"closed","ping_status":"closed","sticky":false,"template":"","format":"standard","meta":[],"categories":[21],"tags":[],"_links":{"self":[{"href":"https:\/\/conseil-constitutionnel.mr\/fr\/index.php?rest_route=\/wp\/v2\/posts\/1772"}],"collection":[{"href":"https:\/\/conseil-constitutionnel.mr\/fr\/index.php?rest_route=\/wp\/v2\/posts"}],"about":[{"href":"https:\/\/conseil-constitutionnel.mr\/fr\/index.php?rest_route=\/wp\/v2\/types\/post"}],"author":[{"embeddable":true,"href":"https:\/\/conseil-constitutionnel.mr\/fr\/index.php?rest_route=\/wp\/v2\/users\/3"}],"replies":[{"embeddable":true,"href":"https:\/\/conseil-constitutionnel.mr\/fr\/index.php?rest_route=%2Fwp%2Fv2%2Fcomments&post=1772"}],"version-history":[{"count":4,"href":"https:\/\/conseil-constitutionnel.mr\/fr\/index.php?rest_route=\/wp\/v2\/posts\/1772\/revisions"}],"predecessor-version":[{"id":1787,"href":"https:\/\/conseil-constitutionnel.mr\/fr\/index.php?rest_route=\/wp\/v2\/posts\/1772\/revisions\/1787"}],"wp:featuredmedia":[{"embeddable":true,"href":"https:\/\/conseil-constitutionnel.mr\/fr\/index.php?rest_route=\/wp\/v2\/media\/1782"}],"wp:attachment":[{"href":"https:\/\/conseil-constitutionnel.mr\/fr\/index.php?rest_route=%2Fwp%2Fv2%2Fmedia&parent=1772"}],"wp:term":[{"taxonomy":"category","embeddable":true,"href":"https:\/\/conseil-constitutionnel.mr\/fr\/index.php?rest_route=%2Fwp%2Fv2%2Fcategories&post=1772"},{"taxonomy":"post_tag","embeddable":true,"href":"https:\/\/conseil-constitutionnel.mr\/fr\/index.php?rest_route=%2Fwp%2Fv2%2Ftags&post=1772"}],"curies":[{"name":"wp","href":"https:\/\/api.w.org\/{rel}","templated":true}]}}