{"id":1809,"date":"2025-06-17T20:06:19","date_gmt":"2025-06-17T18:06:19","guid":{"rendered":"http:\/\/conseil-constitutionnel.mr\/fr\/?p=1809"},"modified":"2025-06-23T20:17:31","modified_gmt":"2025-06-23T18:17:31","slug":"le-president-a-participe-a-la-ceremonie-dhommage-a-mamadou-badio","status":"publish","type":"post","link":"https:\/\/conseil-constitutionnel.mr\/fr\/?p=1809","title":{"rendered":"Le Pr\u00e9sident a particip\u00e9 \u00e0 la c\u00e9r\u00e9monie d&rsquo;hommage \u00e0 Mamadou Badio"},"content":{"rendered":"<p>Une c\u00e9r\u00e9monie d&rsquo;hommage \u00e0 Mamadou Badio Camara, pr\u00e9sident du Conseil constitutionnel du S\u00e9n\u00e9gal et de l&rsquo;Association des Cours constitutionnelles francophones (ACCF) s&rsquo;est tenue le 16 juin 2025 \u00e0 Dakar.<br \/>\nDe nombreuses personnalit\u00e9s du monde judiciaire et diplomatique \u00e9taient pr\u00e9sentes au Conseil constitutionnel du S\u00e9n\u00e9gal, le lundi 16 juin dernier, pour rendre hommage au pr\u00e9sident Mamadou Badio Camara, figure embl\u00e9matique de la Justice s\u00e9n\u00e9galaise et francophone.<\/p>\n<p>Plusieurs personnalit\u00e9s, proches collaborateurs ou membre de la famille ont partag\u00e9 des t\u00e9moignages rappelant combien il \u00e9tait un ardent d\u00e9fenseur de l\u2019\u00c9tat de droit et que son engagement pour la Justice \u00e9tait sans faille.<\/p>\n<p>Tous ont soulign\u00e9 son int\u00e9grit\u00e9, son humilit\u00e9, sa bienveillance et sa disponibilit\u00e9.<\/p>\n<p><img loading=\"lazy\" class=\"alignnone size-medium wp-image-1810\" src=\"http:\/\/conseil-constitutionnel.mr\/fr\/wp-content\/uploads\/2025\/06\/Hommage-300x225.jpg\" alt=\"\" width=\"300\" height=\"225\" srcset=\"https:\/\/conseil-constitutionnel.mr\/fr\/wp-content\/uploads\/2025\/06\/Hommage-300x225.jpg 300w, https:\/\/conseil-constitutionnel.mr\/fr\/wp-content\/uploads\/2025\/06\/Hommage.jpg 768w\" sizes=\"(max-width: 300px) 100vw, 300px\" \/><\/p>\n","protected":false},"excerpt":{"rendered":"<p>Une c\u00e9r\u00e9monie d&rsquo;hommage \u00e0 Mamadou Badio Camara, pr\u00e9sident du Conseil constitutionnel du S\u00e9n\u00e9gal et de l&rsquo;Association des Cours constitutionnelles francophones (ACCF) s&rsquo;est tenue le 16 &hellip; <\/p>\n","protected":false},"author":3,"featured_media":1810,"comment_status":"closed","ping_status":"closed","sticky":false,"template":"","format":"standard","meta":[],"categories":[21],"tags":[],"_links":{"self":[{"href":"https:\/\/conseil-constitutionnel.mr\/fr\/index.php?rest_route=\/wp\/v2\/posts\/1809"}],"collection":[{"href":"https:\/\/conseil-constitutionnel.mr\/fr\/index.php?rest_route=\/wp\/v2\/posts"}],"about":[{"href":"https:\/\/conseil-constitutionnel.mr\/fr\/index.php?rest_route=\/wp\/v2\/types\/post"}],"author":[{"embeddable":true,"href":"https:\/\/conseil-constitutionnel.mr\/fr\/index.php?rest_route=\/wp\/v2\/users\/3"}],"replies":[{"embeddable":true,"href":"https:\/\/conseil-constitutionnel.mr\/fr\/index.php?rest_route=%2Fwp%2Fv2%2Fcomments&post=1809"}],"version-history":[{"count":1,"href":"https:\/\/conseil-constitutionnel.mr\/fr\/index.php?rest_route=\/wp\/v2\/posts\/1809\/revisions"}],"predecessor-version":[{"id":1811,"href":"https:\/\/conseil-constitutionnel.mr\/fr\/index.php?rest_route=\/wp\/v2\/posts\/1809\/revisions\/1811"}],"wp:featuredmedia":[{"embeddable":true,"href":"https:\/\/conseil-constitutionnel.mr\/fr\/index.php?rest_route=\/wp\/v2\/media\/1810"}],"wp:attachment":[{"href":"https:\/\/conseil-constitutionnel.mr\/fr\/index.php?rest_route=%2Fwp%2Fv2%2Fmedia&parent=1809"}],"wp:term":[{"taxonomy":"category","embeddable":true,"href":"https:\/\/conseil-constitutionnel.mr\/fr\/index.php?rest_route=%2Fwp%2Fv2%2Fcategories&post=1809"},{"taxonomy":"post_tag","embeddable":true,"href":"https:\/\/conseil-constitutionnel.mr\/fr\/index.php?rest_route=%2Fwp%2Fv2%2Ftags&post=1809"}],"curies":[{"name":"wp","href":"https:\/\/api.w.org\/{rel}","templated":true}]}}