{"id":250,"date":"1992-07-05T17:19:50","date_gmt":"1992-07-05T15:19:50","guid":{"rendered":"http:\/\/ccfr.rimpresse.com\/?p=250"},"modified":"2020-05-06T17:33:47","modified_gmt":"2020-05-06T15:33:47","slug":"decision-n-004-dc-92-reglement-interieur-assemblee-nationale","status":"publish","type":"post","link":"https:\/\/conseil-constitutionnel.mr\/fr\/?p=250","title":{"rendered":"D\u00e9cision N\u00b0 004\/DC\/92\/R\u00e8glement Int\u00e9rieur Assembl\u00e9e Nationale"},"content":{"rendered":"\n<p><\/p>\n\n\n<a href=\"https:\/\/ccfr.rimpresse.com\/wp-content\/uploads\/2020\/04\/Nouveau-Document-Microsoft-Office-Word-2.pdf\" class=\"pdfemb-viewer\" style=\"\" data-width=\"max\" data-height=\"max\"  data-toolbar=\"both\" data-toolbar-fixed=\"on\">Nouveau-Document-Microsoft-Office-Word-2<br\/><\/a>\n<p class=\"wp-block-pdfemb-pdf-embedder-viewer\"><\/p>\n\n\n\n<p><\/p>\n\n\n\n<p><\/p>\n","protected":false},"excerpt":{"rendered":"<p>Est d\u00e9clar\u00e9 conforme \u00e0 la Constitution l&rsquo;ensemble des dispositions du R\u00e9glement de l&rsquo;Assembl\u00e9e Nationale.<\/p>\n","protected":false},"author":3,"featured_media":0,"comment_status":"closed","ping_status":"closed","sticky":false,"template":"","format":"standard","meta":[],"categories":[17,7],"tags":[],"_links":{"self":[{"href":"https:\/\/conseil-constitutionnel.mr\/fr\/index.php?rest_route=\/wp\/v2\/posts\/250"}],"collection":[{"href":"https:\/\/conseil-constitutionnel.mr\/fr\/index.php?rest_route=\/wp\/v2\/posts"}],"about":[{"href":"https:\/\/conseil-constitutionnel.mr\/fr\/index.php?rest_route=\/wp\/v2\/types\/post"}],"author":[{"embeddable":true,"href":"https:\/\/conseil-constitutionnel.mr\/fr\/index.php?rest_route=\/wp\/v2\/users\/3"}],"replies":[{"embeddable":true,"href":"https:\/\/conseil-constitutionnel.mr\/fr\/index.php?rest_route=%2Fwp%2Fv2%2Fcomments&post=250"}],"version-history":[{"count":6,"href":"https:\/\/conseil-constitutionnel.mr\/fr\/index.php?rest_route=\/wp\/v2\/posts\/250\/revisions"}],"predecessor-version":[{"id":324,"href":"https:\/\/conseil-constitutionnel.mr\/fr\/index.php?rest_route=\/wp\/v2\/posts\/250\/revisions\/324"}],"wp:attachment":[{"href":"https:\/\/conseil-constitutionnel.mr\/fr\/index.php?rest_route=%2Fwp%2Fv2%2Fmedia&parent=250"}],"wp:term":[{"taxonomy":"category","embeddable":true,"href":"https:\/\/conseil-constitutionnel.mr\/fr\/index.php?rest_route=%2Fwp%2Fv2%2Fcategories&post=250"},{"taxonomy":"post_tag","embeddable":true,"href":"https:\/\/conseil-constitutionnel.mr\/fr\/index.php?rest_route=%2Fwp%2Fv2%2Ftags&post=250"}],"curies":[{"name":"wp","href":"https:\/\/api.w.org\/{rel}","templated":true}]}}