{"id":446,"date":"2020-05-18T18:50:24","date_gmt":"2020-05-18T16:50:24","guid":{"rendered":"http:\/\/ccfr.rimpresse.com\/?p=446"},"modified":"2020-12-16T14:28:46","modified_gmt":"2020-12-16T13:28:46","slug":"photos-1","status":"publish","type":"post","link":"https:\/\/conseil-constitutionnel.mr\/fr\/?p=446","title":{"rendered":"Archive photos"},"content":{"rendered":"\n<figure class=\"wp-container-2 wp-block-gallery-1 wp-block-gallery columns-1 is-cropped\"><ul class=\"blocks-gallery-grid\"><li class=\"blocks-gallery-item\"><figure><img loading=\"lazy\" width=\"1024\" height=\"414\" src=\"http:\/\/ccfr.rimpresse.com\/wp-content\/uploads\/2020\/05\/v5-2-1024x414.png\" alt=\"\" data-id=\"381\" data-full-url=\"http:\/\/ccfr.rimpresse.com\/wp-content\/uploads\/2020\/05\/v5-2.png\" data-link=\"http:\/\/ccfr.rimpresse.com\/?attachment_id=381\" class=\"wp-image-381\" srcset=\"https:\/\/conseil-constitutionnel.mr\/fr\/wp-content\/uploads\/2020\/05\/v5-2-1024x414.png 1024w, https:\/\/conseil-constitutionnel.mr\/fr\/wp-content\/uploads\/2020\/05\/v5-2-300x121.png 300w, https:\/\/conseil-constitutionnel.mr\/fr\/wp-content\/uploads\/2020\/05\/v5-2-768x311.png 768w, https:\/\/conseil-constitutionnel.mr\/fr\/wp-content\/uploads\/2020\/05\/v5-2.png 1374w\" sizes=\"(max-width: 1024px) 100vw, 1024px\" \/><figcaption class=\"blocks-gallery-item__caption\">Photo de famille <\/figcaption><\/figure><\/li><\/ul><\/figure>\n\n\n\n<div class=\"wp-block-image\"><figure class=\"aligncenter size-large is-resized\"><img loading=\"lazy\" src=\"http:\/\/ccfr.rimpresse.com\/wp-content\/uploads\/2020\/05\/7-723x1024.jpg\" alt=\"\" class=\"wp-image-422\" width=\"308\" height=\"436\" srcset=\"https:\/\/conseil-constitutionnel.mr\/fr\/wp-content\/uploads\/2020\/05\/7-723x1024.jpg 723w, https:\/\/conseil-constitutionnel.mr\/fr\/wp-content\/uploads\/2020\/05\/7-212x300.jpg 212w, https:\/\/conseil-constitutionnel.mr\/fr\/wp-content\/uploads\/2020\/05\/7-768x1088.jpg 768w, https:\/\/conseil-constitutionnel.mr\/fr\/wp-content\/uploads\/2020\/05\/7.jpg 1014w\" sizes=\"(max-width: 308px) 100vw, 308px\" \/><figcaption>Maitre Sghair ould M&rsquo;Bareck, ancien Pr\u00e9sident du Conseil constitutionnel 10\/04\/2010-20\/12\/2019<\/figcaption><\/figure><\/div>\n\n\n\n<figure class=\"wp-block-image size-large is-resized\"><img loading=\"lazy\" src=\"http:\/\/ccfr.rimpresse.com\/wp-content\/uploads\/2020\/05\/sidibaba-1024x682.jpg\" alt=\"\" class=\"wp-image-515\" width=\"602\" height=\"401\" srcset=\"https:\/\/conseil-constitutionnel.mr\/fr\/wp-content\/uploads\/2020\/05\/sidibaba-1024x682.jpg 1024w, https:\/\/conseil-constitutionnel.mr\/fr\/wp-content\/uploads\/2020\/05\/sidibaba-300x200.jpg 300w, https:\/\/conseil-constitutionnel.mr\/fr\/wp-content\/uploads\/2020\/05\/sidibaba-768x512.jpg 768w, https:\/\/conseil-constitutionnel.mr\/fr\/wp-content\/uploads\/2020\/05\/sidibaba-1536x1023.jpg 1536w, https:\/\/conseil-constitutionnel.mr\/fr\/wp-content\/uploads\/2020\/05\/sidibaba-700x465.jpg 700w, https:\/\/conseil-constitutionnel.mr\/fr\/wp-content\/uploads\/2020\/05\/sidibaba.jpg 2048w\" sizes=\"(max-width: 602px) 100vw, 602px\" \/><\/figure>\n\n\n\n<figure class=\"wp-container-4 wp-block-gallery-3 wp-block-gallery columns-1 is-cropped\"><ul class=\"blocks-gallery-grid\"><li class=\"blocks-gallery-item\"><figure><img loading=\"lazy\" width=\"960\" height=\"639\" src=\"http:\/\/ccfr.rimpresse.com\/wp-content\/uploads\/2020\/05\/phototh\u00e8que-1.jpg\" alt=\"\" data-id=\"505\" data-full-url=\"http:\/\/ccfr.rimpresse.com\/wp-content\/uploads\/2020\/05\/phototh\u00e8que-1.jpg\" data-link=\"http:\/\/ccfr.rimpresse.com\/?attachment_id=505\" class=\"wp-image-505\" srcset=\"https:\/\/conseil-constitutionnel.mr\/fr\/wp-content\/uploads\/2020\/05\/phototh\u00e8que-1.jpg 960w, https:\/\/conseil-constitutionnel.mr\/fr\/wp-content\/uploads\/2020\/05\/phototh\u00e8que-1-300x200.jpg 300w, https:\/\/conseil-constitutionnel.mr\/fr\/wp-content\/uploads\/2020\/05\/phototh\u00e8que-1-768x511.jpg 768w, https:\/\/conseil-constitutionnel.mr\/fr\/wp-content\/uploads\/2020\/05\/phototh\u00e8que-1-700x465.jpg 700w\" sizes=\"(max-width: 960px) 100vw, 960px\" \/><figcaption class=\"blocks-gallery-item__caption\">Sghair ould M&rsquo;Bareck avec le Pr\u00e9sident de la Cour constitutionnelle Soudanaise<\/figcaption><\/figure><\/li><\/ul><\/figure>\n\n\n\n<figure class=\"wp-block-image size-large\"><img loading=\"lazy\" width=\"1024\" height=\"576\" src=\"http:\/\/ccfr.rimpresse.com\/wp-content\/uploads\/2020\/07\/20170224_160021-1024x576.jpg\" alt=\"\" class=\"wp-image-679\" srcset=\"https:\/\/conseil-constitutionnel.mr\/fr\/wp-content\/uploads\/2020\/07\/20170224_160021-1024x576.jpg 1024w, https:\/\/conseil-constitutionnel.mr\/fr\/wp-content\/uploads\/2020\/07\/20170224_160021-300x169.jpg 300w, https:\/\/conseil-constitutionnel.mr\/fr\/wp-content\/uploads\/2020\/07\/20170224_160021-768x432.jpg 768w, https:\/\/conseil-constitutionnel.mr\/fr\/wp-content\/uploads\/2020\/07\/20170224_160021-1536x864.jpg 1536w, https:\/\/conseil-constitutionnel.mr\/fr\/wp-content\/uploads\/2020\/07\/20170224_160021-2048x1152.jpg 2048w\" sizes=\"(max-width: 1024px) 100vw, 1024px\" \/><\/figure>\n\n\n\n<figure class=\"wp-block-image size-large\"><img loading=\"lazy\" width=\"1024\" height=\"697\" src=\"http:\/\/ccfr.rimpresse.com\/wp-content\/uploads\/2020\/05\/4-1024x697.jpg\" alt=\"\" class=\"wp-image-445\" srcset=\"https:\/\/conseil-constitutionnel.mr\/fr\/wp-content\/uploads\/2020\/05\/4-1024x697.jpg 1024w, https:\/\/conseil-constitutionnel.mr\/fr\/wp-content\/uploads\/2020\/05\/4-300x204.jpg 300w, https:\/\/conseil-constitutionnel.mr\/fr\/wp-content\/uploads\/2020\/05\/4-768x523.jpg 768w, https:\/\/conseil-constitutionnel.mr\/fr\/wp-content\/uploads\/2020\/05\/4.jpg 1461w\" sizes=\"(max-width: 1024px) 100vw, 1024px\" \/><figcaption>Sy Adama Mamadou ancien Secr\u00e9taire G\u00e9n\u00e9ral du Conseil constitutionnel<\/figcaption><\/figure>\n\n\n\n<figure class=\"wp-block-image size-large\"><img loading=\"lazy\" width=\"1024\" height=\"768\" src=\"http:\/\/ccfr.rimpresse.com\/wp-content\/uploads\/2020\/12\/MReizig.jpg\" alt=\"\" class=\"wp-image-994\" srcset=\"https:\/\/conseil-constitutionnel.mr\/fr\/wp-content\/uploads\/2020\/12\/MReizig.jpg 1024w, https:\/\/conseil-constitutionnel.mr\/fr\/wp-content\/uploads\/2020\/12\/MReizig-300x225.jpg 300w, https:\/\/conseil-constitutionnel.mr\/fr\/wp-content\/uploads\/2020\/12\/MReizig-768x576.jpg 768w\" sizes=\"(max-width: 1024px) 100vw, 1024px\" \/><figcaption>Feu Mohamed ould M&rsquo;Reizig le premier Secr\u00e9taire G\u00e9n\u00e9ral du Conseil constitutionnel<\/figcaption><\/figure>\n\n\n\n<figure class=\"wp-block-image size-large\"><img loading=\"lazy\" width=\"1024\" height=\"683\" src=\"http:\/\/ccfr.rimpresse.com\/wp-content\/uploads\/2020\/05\/thumbnail-1024x683.jpg\" alt=\"\" class=\"wp-image-490\" srcset=\"https:\/\/conseil-constitutionnel.mr\/fr\/wp-content\/uploads\/2020\/05\/thumbnail-1024x683.jpg 1024w, https:\/\/conseil-constitutionnel.mr\/fr\/wp-content\/uploads\/2020\/05\/thumbnail-300x200.jpg 300w, https:\/\/conseil-constitutionnel.mr\/fr\/wp-content\/uploads\/2020\/05\/thumbnail-768x512.jpg 768w, https:\/\/conseil-constitutionnel.mr\/fr\/wp-content\/uploads\/2020\/05\/thumbnail.jpg 1080w\" sizes=\"(max-width: 1024px) 100vw, 1024px\" \/><\/figure>\n\n\n\n<figure class=\"wp-block-image size-large\"><img loading=\"lazy\" width=\"1024\" height=\"768\" src=\"http:\/\/ccfr.rimpresse.com\/wp-content\/uploads\/2020\/05\/sidi-baba-1-1024x768.jpg\" alt=\"\" class=\"wp-image-498\" srcset=\"https:\/\/conseil-constitutionnel.mr\/fr\/wp-content\/uploads\/2020\/05\/sidi-baba-1-1024x768.jpg 1024w, https:\/\/conseil-constitutionnel.mr\/fr\/wp-content\/uploads\/2020\/05\/sidi-baba-1-300x225.jpg 300w, https:\/\/conseil-constitutionnel.mr\/fr\/wp-content\/uploads\/2020\/05\/sidi-baba-1-768x576.jpg 768w, https:\/\/conseil-constitutionnel.mr\/fr\/wp-content\/uploads\/2020\/05\/sidi-baba-1.jpg 1080w\" sizes=\"(max-width: 1024px) 100vw, 1024px\" \/><\/figure>\n\n\n\n<figure class=\"wp-block-image size-large is-resized\"><img loading=\"lazy\" src=\"http:\/\/ccfr.rimpresse.com\/wp-content\/uploads\/2020\/05\/Bellal.jpg\" alt=\"\" class=\"wp-image-528\" width=\"1108\" height=\"739\" srcset=\"https:\/\/conseil-constitutionnel.mr\/fr\/wp-content\/uploads\/2020\/05\/Bellal.jpg 666w, https:\/\/conseil-constitutionnel.mr\/fr\/wp-content\/uploads\/2020\/05\/Bellal-300x200.jpg 300w\" sizes=\"(max-width: 1108px) 100vw, 1108px\" \/><figcaption>Mr Mohamed Vall ould Bellal,Pr\u00e9sident de la CENI lors de sa prestation de serment devant le Conseil constitutionnel <\/figcaption><\/figure>\n","protected":false},"excerpt":{"rendered":"<p>Photo de famille Maitre Sghair ould M&rsquo;Bareck, ancien Pr\u00e9sident du Conseil constitutionnel 10\/04\/2010-20\/12\/2019 Sghair ould M&rsquo;Bareck avec le Pr\u00e9sident de la Cour constitutionnelle Soudanaise Sy &hellip; <\/p>\n","protected":false},"author":3,"featured_media":0,"comment_status":"closed","ping_status":"closed","sticky":false,"template":"","format":"standard","meta":[],"categories":[24],"tags":[],"_links":{"self":[{"href":"https:\/\/conseil-constitutionnel.mr\/fr\/index.php?rest_route=\/wp\/v2\/posts\/446"}],"collection":[{"href":"https:\/\/conseil-constitutionnel.mr\/fr\/index.php?rest_route=\/wp\/v2\/posts"}],"about":[{"href":"https:\/\/conseil-constitutionnel.mr\/fr\/index.php?rest_route=\/wp\/v2\/types\/post"}],"author":[{"embeddable":true,"href":"https:\/\/conseil-constitutionnel.mr\/fr\/index.php?rest_route=\/wp\/v2\/users\/3"}],"replies":[{"embeddable":true,"href":"https:\/\/conseil-constitutionnel.mr\/fr\/index.php?rest_route=%2Fwp%2Fv2%2Fcomments&post=446"}],"version-history":[{"count":19,"href":"https:\/\/conseil-constitutionnel.mr\/fr\/index.php?rest_route=\/wp\/v2\/posts\/446\/revisions"}],"predecessor-version":[{"id":1238,"href":"https:\/\/conseil-constitutionnel.mr\/fr\/index.php?rest_route=\/wp\/v2\/posts\/446\/revisions\/1238"}],"wp:attachment":[{"href":"https:\/\/conseil-constitutionnel.mr\/fr\/index.php?rest_route=%2Fwp%2Fv2%2Fmedia&parent=446"}],"wp:term":[{"taxonomy":"category","embeddable":true,"href":"https:\/\/conseil-constitutionnel.mr\/fr\/index.php?rest_route=%2Fwp%2Fv2%2Fcategories&post=446"},{"taxonomy":"post_tag","embeddable":true,"href":"https:\/\/conseil-constitutionnel.mr\/fr\/index.php?rest_route=%2Fwp%2Fv2%2Ftags&post=446"}],"curies":[{"name":"wp","href":"https:\/\/api.w.org\/{rel}","templated":true}]}}