{"id":484,"date":"2020-05-22T15:53:50","date_gmt":"2020-05-22T13:53:50","guid":{"rendered":"http:\/\/ccfr.rimpresse.com\/?p=484"},"modified":"2020-06-15T17:41:37","modified_gmt":"2020-06-15T15:41:37","slug":"484","status":"publish","type":"post","link":"https:\/\/conseil-constitutionnel.mr\/fr\/?p=484","title":{"rendered":"D\u00e9cision N\u00b0001\/2020\/protection du consommateur"},"content":{"rendered":"\n<p><strong>&nbsp;&nbsp;&nbsp;&nbsp;&nbsp; R\u00e9publique Islamique de Mauritanie&nbsp;&nbsp;&nbsp;&nbsp;&nbsp; &nbsp;&nbsp;&nbsp;&nbsp;&nbsp;&nbsp;&nbsp;&nbsp;&nbsp;&nbsp;&nbsp;Honneur-Fratenit\u00e9-Justice<\/strong><\/p>\n\n\n\n<p>&nbsp;&nbsp;&nbsp;&nbsp;&nbsp;&nbsp;&nbsp;&nbsp;&nbsp;&nbsp;&nbsp;&nbsp;&nbsp;&nbsp;&nbsp;&nbsp;&nbsp;&nbsp;&nbsp;<strong>&nbsp;Conseil constitutionnel<\/strong><\/p>\n\n\n\n<p><strong>&nbsp;&nbsp;&nbsp;&nbsp;&nbsp;&nbsp;&nbsp;&nbsp;&nbsp;&nbsp;&nbsp;&nbsp;&nbsp;&nbsp;&nbsp;&nbsp;&nbsp;&nbsp;&nbsp;&nbsp;&nbsp;&nbsp;&nbsp;&nbsp;&nbsp;&nbsp;&nbsp;&nbsp;&nbsp;&nbsp;&nbsp;&nbsp;&nbsp;&nbsp;&nbsp;&nbsp;&nbsp;&nbsp;&nbsp;&nbsp;&nbsp;&nbsp;&nbsp;&nbsp;&nbsp;&nbsp;&nbsp;&nbsp;&nbsp;&nbsp;&nbsp;&nbsp;&nbsp;&nbsp;&nbsp;&nbsp;&nbsp;&nbsp;&nbsp;&nbsp;&nbsp;&nbsp;&nbsp;&nbsp;&nbsp;&nbsp;&nbsp; DECISION 001\/2020<\/strong><\/p>\n\n\n\n<p><strong>Le Conseil Constitutionnel,<\/strong><\/p>\n\n\n\n<p>.Vu la Constitution du 20Juillet 1991 r\u00e9vis\u00e9e,( article 86,)<\/p>\n\n\n\n<p>-Vu l\u2019Ordonnance 9204 de la 18\/02\/1992 portant loi organique relative au Conseil constitutionnel<\/p>\n\n\n\n<p>-Vu Projet de loi relative \u00e0 la protection du consommateur<\/p>\n\n\n\n<p>.Vu La lettre sign\u00e9e par 53 d\u00e9putes, dont 4 par procurations \u00e9crites, enregistr\u00e9e au Secr\u00e9tariat G\u00e9n\u00e9ral du &nbsp;Conseil constitutionnel sous le num\u00e9ro 013 en date 15\/05\/2020, demandant le contr\u00f4le &nbsp;de la &nbsp;conformit\u00e9 avec la Constitution de l\u2019article 3 de la loi relative \u00e0 la protection du consommateur adopt\u00e9e par l\u2019Assembl\u00e9e Nationale le 04\/05\/2020.<\/p>\n\n\n\n<p>.Vu l\u2019Acte notari\u00e9 N\u00b0 2113\/2020 du 18\/05\/2020 \u00e9tabli par le cabinet de Notaire ISHAH O AHMED MISKE bureau N 2 Nouakchott par lequel 7 d\u00e9put\u00e9s retirent leurs signatures de la liste des requ\u00e9rants&nbsp;;<\/p>\n\n\n\n<p>.Vu La liste officielle des 157 d\u00e9put\u00e9s composant&nbsp; l\u2019Assembl\u00e9e Nationale&nbsp;;<\/p>\n\n\n\n<p>Consid\u00e9rant que le tiers des d\u00e9put\u00e9s de l\u2019Assembl\u00e9e Nationale s\u2019\u00e9l\u00e8ve \u00e0 53 d\u00e9put\u00e9s&nbsp;;<\/p>\n\n\n\n<p>Constatant le retrait par acte notari\u00e9 de &nbsp;7 d\u00e9put\u00e9s de la liste des&nbsp; requ\u00e9rants &nbsp;enregistr\u00e9 au Secr\u00e9tariat G\u00e9n\u00e9ral du Conseil constitutionnel sous le N\u00b0014 en date du 18\/05\/2020&nbsp;;<\/p>\n\n\n\n<p>Consid\u00e9rant que les 4 procurations ne sont pas authentifi\u00e9es&nbsp;;<\/p>\n\n\n\n<p>Consid\u00e9rant qu\u2019il r\u00e9sulte de ce qui pr\u00e9c\u00e8de que le tiers des d\u00e9put\u00e9s n\u2019est pas atteint<\/p>\n\n\n\n<p>Apr\u00e8s avoir entendu le rapporteur,<\/p>\n\n\n\n<p>&nbsp;Apr\u00e8s en avoir d\u00e9lib\u00e9r\u00e9<strong>,<\/strong><\/p>\n\n\n\n<p><strong>&nbsp;&nbsp;&nbsp;&nbsp;&nbsp;&nbsp;&nbsp;&nbsp;&nbsp;&nbsp;&nbsp;&nbsp;&nbsp;&nbsp;&nbsp;&nbsp;&nbsp;&nbsp;&nbsp;&nbsp;&nbsp;&nbsp;&nbsp;&nbsp;&nbsp;&nbsp;&nbsp;&nbsp;&nbsp;&nbsp;&nbsp;&nbsp;&nbsp;&nbsp;&nbsp;&nbsp;&nbsp;&nbsp;&nbsp;&nbsp;&nbsp; &nbsp;&nbsp;&nbsp;&nbsp;&nbsp;&nbsp;&nbsp;&nbsp;&nbsp;&nbsp;&nbsp;&nbsp;&nbsp;&nbsp;&nbsp;&nbsp;&nbsp;&nbsp;&nbsp;&nbsp;&nbsp;&nbsp;&nbsp;&nbsp;&nbsp;D\u00e9cide&nbsp;:<\/strong><\/p>\n\n\n\n<p><strong><u>Article premier<\/u><\/strong><strong>&nbsp;:<\/strong> la requ\u00eate n\u2019ayant pas recueilli&nbsp; les signatures du tiers des d\u00e9put\u00e9s de l\u2019Assembl\u00e9e Nationale,&nbsp; est rejet\u00e9e&nbsp; pour irrecevabilit\u00e9.<\/p>\n\n\n\n<p><strong>&nbsp;<u>Article 2<\/u><\/strong>&nbsp;: Cette d\u00e9cision sera publi\u00e9e au Journal Officiel de la R\u00e9publique Islamique de Mauritanie et communiqu\u00e9e \u00e0 qui de droit.<\/p>\n\n\n\n<p>D\u00e9lib\u00e9r\u00e9e par le CONSEIL Constitutionnel en sa s\u00e9ance du 21 mai 2020&nbsp; sous la Pr\u00e9sidence de Monsieur Diallo Mamadou Bathia en pr\u00e9sence de Aich\u00e9tou Dechag&nbsp;,Me Ahmed Vall Mbareck,Me Yahya Md Mahmoud&nbsp;,Ahmed Ahmed Dibaba, Bamariam Koita,Selama Lemrabott,Dr Haimoud Ba.<\/p>\n\n\n\n<p><strong>&nbsp;Le rapporteur &nbsp;&nbsp;&nbsp;&nbsp;&nbsp;&nbsp;&nbsp;&nbsp;&nbsp;&nbsp;&nbsp;&nbsp;&nbsp;&nbsp;&nbsp;&nbsp;&nbsp;&nbsp;&nbsp;&nbsp;&nbsp;&nbsp;&nbsp;&nbsp;&nbsp;&nbsp;&nbsp;&nbsp;&nbsp;&nbsp;&nbsp;&nbsp;&nbsp;&nbsp;&nbsp;&nbsp;&nbsp;&nbsp;&nbsp;&nbsp;&nbsp;&nbsp;&nbsp;&nbsp;&nbsp;&nbsp;&nbsp;&nbsp;&nbsp;&nbsp;&nbsp;&nbsp;&nbsp;&nbsp;&nbsp;&nbsp;&nbsp;&nbsp;&nbsp;&nbsp;&nbsp;&nbsp;&nbsp;&nbsp;&nbsp;&nbsp;&nbsp;&nbsp;&nbsp;&nbsp;&nbsp;&nbsp;&nbsp;&nbsp;&nbsp;&nbsp;&nbsp;&nbsp;&nbsp;&nbsp;&nbsp;&nbsp;&nbsp;&nbsp;&nbsp;&nbsp;&nbsp;&nbsp;Le Pr\u00e9sident&nbsp;&nbsp;&nbsp;&nbsp;<\/strong><\/p>\n\n\n\n<p><strong>&nbsp;Aich\u00e9tou Dechag&nbsp;&nbsp;&nbsp;&nbsp;&nbsp;&nbsp;&nbsp;&nbsp;&nbsp;&nbsp;&nbsp;&nbsp;&nbsp;&nbsp;&nbsp;&nbsp;&nbsp;&nbsp;&nbsp;&nbsp; &nbsp;&nbsp;                      &nbsp;&nbsp;&nbsp;&nbsp;&nbsp;&nbsp;&nbsp;&nbsp;&nbsp;&nbsp;&nbsp;&nbsp;&nbsp;&nbsp;&nbsp;&nbsp;&nbsp;&nbsp;&nbsp;&nbsp;&nbsp;&nbsp;&nbsp;&nbsp;&nbsp;&nbsp;&nbsp;&nbsp;&nbsp;&nbsp;&nbsp;&nbsp; Diallo Mamadou Bathia<\/strong>&nbsp;&nbsp;&nbsp;&nbsp;&nbsp;&nbsp;&nbsp;&nbsp;&nbsp;&nbsp;&nbsp;&nbsp;&nbsp;&nbsp;&nbsp;&nbsp;&nbsp;&nbsp;&nbsp;&nbsp;&nbsp;&nbsp;&nbsp;&nbsp;&nbsp;&nbsp;&nbsp;&nbsp;&nbsp;&nbsp;&nbsp;&nbsp;&nbsp;&nbsp;&nbsp;&nbsp;&nbsp;&nbsp;&nbsp;&nbsp;&nbsp;&nbsp;&nbsp;&nbsp;&nbsp;&nbsp;&nbsp;&nbsp;<\/p>\n","protected":false},"excerpt":{"rendered":"<p>la requ\u00eate n\u2019ayant pas recueilli  les signatures du tiers des d\u00e9put\u00e9s de l\u2019Assembl\u00e9e Nationale,  est jug\u00e9e irrecevable .<\/p>\n","protected":false},"author":3,"featured_media":0,"comment_status":"closed","ping_status":"closed","sticky":false,"template":"","format":"standard","meta":[],"categories":[17,7],"tags":[],"_links":{"self":[{"href":"https:\/\/conseil-constitutionnel.mr\/fr\/index.php?rest_route=\/wp\/v2\/posts\/484"}],"collection":[{"href":"https:\/\/conseil-constitutionnel.mr\/fr\/index.php?rest_route=\/wp\/v2\/posts"}],"about":[{"href":"https:\/\/conseil-constitutionnel.mr\/fr\/index.php?rest_route=\/wp\/v2\/types\/post"}],"author":[{"embeddable":true,"href":"https:\/\/conseil-constitutionnel.mr\/fr\/index.php?rest_route=\/wp\/v2\/users\/3"}],"replies":[{"embeddable":true,"href":"https:\/\/conseil-constitutionnel.mr\/fr\/index.php?rest_route=%2Fwp%2Fv2%2Fcomments&post=484"}],"version-history":[{"count":5,"href":"https:\/\/conseil-constitutionnel.mr\/fr\/index.php?rest_route=\/wp\/v2\/posts\/484\/revisions"}],"predecessor-version":[{"id":554,"href":"https:\/\/conseil-constitutionnel.mr\/fr\/index.php?rest_route=\/wp\/v2\/posts\/484\/revisions\/554"}],"wp:attachment":[{"href":"https:\/\/conseil-constitutionnel.mr\/fr\/index.php?rest_route=%2Fwp%2Fv2%2Fmedia&parent=484"}],"wp:term":[{"taxonomy":"category","embeddable":true,"href":"https:\/\/conseil-constitutionnel.mr\/fr\/index.php?rest_route=%2Fwp%2Fv2%2Fcategories&post=484"},{"taxonomy":"post_tag","embeddable":true,"href":"https:\/\/conseil-constitutionnel.mr\/fr\/index.php?rest_route=%2Fwp%2Fv2%2Ftags&post=484"}],"curies":[{"name":"wp","href":"https:\/\/api.w.org\/{rel}","templated":true}]}}