{"id":721,"date":"2020-10-13T13:26:14","date_gmt":"2020-10-13T11:26:14","guid":{"rendered":"http:\/\/ccfr.rimpresse.com\/?p=721"},"modified":"2020-12-02T18:02:24","modified_gmt":"2020-12-02T17:02:24","slug":"reception-de-son-excellence-lambassadeur-de-france","status":"publish","type":"post","link":"https:\/\/conseil-constitutionnel.mr\/fr\/?p=721","title":{"rendered":"R\u00e9ception de L\u2019Ambassadeur de France"},"content":{"rendered":"\n<figure class=\"wp-block-image size-large is-resized\"><img loading=\"lazy\" src=\"http:\/\/ccfr.rimpresse.com\/wp-content\/uploads\/2020\/10\/recption1.jpg\" alt=\"\" class=\"wp-image-722\" width=\"400\" height=\"304\" srcset=\"https:\/\/conseil-constitutionnel.mr\/fr\/wp-content\/uploads\/2020\/10\/recption1.jpg 938w, https:\/\/conseil-constitutionnel.mr\/fr\/wp-content\/uploads\/2020\/10\/recption1-300x228.jpg 300w, https:\/\/conseil-constitutionnel.mr\/fr\/wp-content\/uploads\/2020\/10\/recption1-768x585.jpg 768w\" sizes=\"(max-width: 400px) 100vw, 400px\" \/><figcaption><strong>Le Pr\u00e9sident du Conseil constitutionnel, M. Diallo Mamadou Bathia, a re\u00e7u en audience, lundi, l\u2019ambassadeur de France en Mauritanie, SEM. Robert Mouli\u00e9.<br><\/strong><br><strong>Au cours de la rencontre, des sujets d\u2019int\u00e9r\u00eat commun ont \u00e9t\u00e9 abord\u00e9s ainsi que les coop\u00e9ration entre les deux pays, notamment dans le domaine constitutionnel.<\/strong><\/figcaption><\/figure>\n","protected":false},"excerpt":{"rendered":"<p>Le Pr\u00e9sident du Conseil constitutionnel, M. Diallo Mamadou Bathia, a re\u00e7u en audience, lundi, l\u2019ambassadeur de France en Mauritanie, SEM. Robert Mouli\u00e9.Au cours de la &hellip; <\/p>\n","protected":false},"author":3,"featured_media":938,"comment_status":"closed","ping_status":"closed","sticky":false,"template":"","format":"standard","meta":[],"categories":[21,20],"tags":[],"_links":{"self":[{"href":"https:\/\/conseil-constitutionnel.mr\/fr\/index.php?rest_route=\/wp\/v2\/posts\/721"}],"collection":[{"href":"https:\/\/conseil-constitutionnel.mr\/fr\/index.php?rest_route=\/wp\/v2\/posts"}],"about":[{"href":"https:\/\/conseil-constitutionnel.mr\/fr\/index.php?rest_route=\/wp\/v2\/types\/post"}],"author":[{"embeddable":true,"href":"https:\/\/conseil-constitutionnel.mr\/fr\/index.php?rest_route=\/wp\/v2\/users\/3"}],"replies":[{"embeddable":true,"href":"https:\/\/conseil-constitutionnel.mr\/fr\/index.php?rest_route=%2Fwp%2Fv2%2Fcomments&post=721"}],"version-history":[{"count":5,"href":"https:\/\/conseil-constitutionnel.mr\/fr\/index.php?rest_route=\/wp\/v2\/posts\/721\/revisions"}],"predecessor-version":[{"id":730,"href":"https:\/\/conseil-constitutionnel.mr\/fr\/index.php?rest_route=\/wp\/v2\/posts\/721\/revisions\/730"}],"wp:featuredmedia":[{"embeddable":true,"href":"https:\/\/conseil-constitutionnel.mr\/fr\/index.php?rest_route=\/wp\/v2\/media\/938"}],"wp:attachment":[{"href":"https:\/\/conseil-constitutionnel.mr\/fr\/index.php?rest_route=%2Fwp%2Fv2%2Fmedia&parent=721"}],"wp:term":[{"taxonomy":"category","embeddable":true,"href":"https:\/\/conseil-constitutionnel.mr\/fr\/index.php?rest_route=%2Fwp%2Fv2%2Fcategories&post=721"},{"taxonomy":"post_tag","embeddable":true,"href":"https:\/\/conseil-constitutionnel.mr\/fr\/index.php?rest_route=%2Fwp%2Fv2%2Ftags&post=721"}],"curies":[{"name":"wp","href":"https:\/\/api.w.org\/{rel}","templated":true}]}}