{"id":739,"date":"2020-08-20T12:46:00","date_gmt":"2020-08-20T10:46:00","guid":{"rendered":"http:\/\/ccfr.rimpresse.com\/?p=739"},"modified":"2020-10-20T12:52:36","modified_gmt":"2020-10-20T10:52:36","slug":"739","status":"publish","type":"post","link":"https:\/\/conseil-constitutionnel.mr\/fr\/?p=739","title":{"rendered":""},"content":{"rendered":"\n<figure class=\"wp-block-image size-large is-resized\"><img loading=\"lazy\" src=\"http:\/\/ccfr.rimpresse.com\/wp-content\/uploads\/2020\/10\/117265135_10158476944339477_823899679190234610_n.jpg\" alt=\"\" class=\"wp-image-740\" width=\"957\" height=\"526\" srcset=\"https:\/\/conseil-constitutionnel.mr\/fr\/wp-content\/uploads\/2020\/10\/117265135_10158476944339477_823899679190234610_n.jpg 582w, https:\/\/conseil-constitutionnel.mr\/fr\/wp-content\/uploads\/2020\/10\/117265135_10158476944339477_823899679190234610_n-300x165.jpg 300w\" sizes=\"(max-width: 957px) 100vw, 957px\" \/><figcaption><a href=\"https:\/\/m.facebook.com\/abdelkader.ouldmohamed.7\"><br>Abdel Kader Ould Mohamed<\/a><br>6 ao\u00fb<img src=\".\/Aujourd'hui au conseil constitutionnel.. J'ai eu... - Abdel Kader Ould Mohamed _ Facebook_files\/Wb6V8rCbZAP.png\" alt=\"Public\"><br>Aujourd&rsquo;hui au conseil constitutionnel..<br>J&rsquo;ai eu l&rsquo;honneur d&rsquo;\u00eatre re\u00e7u en compagnie du premier groupe des \u00e9l\u00e8ves -conseillers juridiques de l&rsquo;\u00e9cole nationale d&rsquo;administration de journalisme et de magistrature ( ENAJM ) auxquels j&rsquo;assure un encadrement dans le cadre de leur stage, par le Pr\u00e9sident du Conseil Constitutionnel.<br>Le Pr\u00e9sident Monsieur Mamadou Bathia \u00e9tait bien dans son \u00e9l\u00e9ment et , par cons\u00e9quent, il est permis de dire que les jeunes stagiaires ont eu droit \u00e0 un le\u00e7on magistrale dans laquelle l&rsquo;histoire du Droit public fran\u00e7ais alimentait dans une perspective de Droit compar\u00e9, un brillant expos\u00e9 sur le r\u00f4le du juge Constitutionnel mauritanien dans l&rsquo; \u00e9dification de l&rsquo;\u00c9tat de Droit . Il semble que le contr\u00f4le \u00e0 priori et \u00e0 posteriori de la constitutionnalit\u00e9 des lois \u00e9volue lentement mais s\u00fbrement.<br>Il semble , \u00e9galement, que le Conseil Constitutionnel mauritanien s&rsquo;achemine \u00e0 jouer son pleinnement son r\u00f4le de garant , en dernier recours,des droits fondamentaux consacr\u00e9s par le contrat social qui fonde la R\u00e9publique.<br>D&rsquo;ailleurs j&rsquo;ai eu vent de cette grande ambition du Pr\u00e9sident du conseil Constitutionnel dans le bureau de l&rsquo;enteprenante Secr\u00e9taire g\u00e9n\u00e9rale Bneta mint Alkhales laquelle , forte de son exp\u00e9rience comme directrice de l&rsquo;institut Mauritanien des recherches scientifiques ( IMERS ) entend doter le conseil d&rsquo;une biblioth\u00e8que g\u00e9n\u00e9rale de droit et de jurisprudence.<br>De m\u00eame j&rsquo;ai eu \u00e0 sentir la pertinence des grands projets \u00e9voqu\u00e9s par le Pr\u00e9sident du Conseil Constitutionnel. dans une discussion pr\u00e9alable que j&rsquo;ai eu l&rsquo;honneur d&rsquo;avoir<br>avec le distingu\u00e9 juriste Haimout Ba membre du conseil Constitutionnel .<br>Au total, j&rsquo;ai eu, en \u00e9coutant Monsieur le Pr\u00e9sident expliquer avec une remarquable passion aux \u00e9l\u00e8ves sa vision du conseil Constitutionnel, la forte sensation qu&rsquo;il<br>partage avec moi le d\u00e9sir ardent de contribuer \u00e0 la diffusion de la culture juridique dans les institutions du pays .<br>J&rsquo;ai eu l&rsquo;impression qu&rsquo;il souhaite voir cette occasion se r\u00e9p\u00e9te \u00e0 l&rsquo;infini pour qu&rsquo;il puisse exposer devant les jeunes \u00e9tudiants sa grande connaissance du droit public en th\u00e9orie et en pratique..<br>et qu&rsquo;il r\u00eave de partager avec eux<br>,dans la caf\u00e9t\u00e9ria du tout nouveau si\u00e8ge flamboyant du conseil conseil lequel endosse le si\u00e8ge de l&rsquo;ancien palais de justice devenu si\u00e8ge du Minist\u00e8re de la justice, l&rsquo;attachante histoire du droit Constitutionnel mauritanien .<br><br>AkM<\/figcaption><\/figure>\n","protected":false},"excerpt":{"rendered":"<p>Abdel Kader Ould Mohamed6 ao\u00fbAujourd&rsquo;hui au conseil constitutionnel..J&rsquo;ai eu l&rsquo;honneur d&rsquo;\u00eatre re\u00e7u en compagnie du premier groupe des \u00e9l\u00e8ves -conseillers juridiques de l&rsquo;\u00e9cole nationale d&rsquo;administration &hellip; <\/p>\n","protected":false},"author":3,"featured_media":0,"comment_status":"closed","ping_status":"closed","sticky":false,"template":"","format":"standard","meta":[],"categories":[21],"tags":[],"_links":{"self":[{"href":"https:\/\/conseil-constitutionnel.mr\/fr\/index.php?rest_route=\/wp\/v2\/posts\/739"}],"collection":[{"href":"https:\/\/conseil-constitutionnel.mr\/fr\/index.php?rest_route=\/wp\/v2\/posts"}],"about":[{"href":"https:\/\/conseil-constitutionnel.mr\/fr\/index.php?rest_route=\/wp\/v2\/types\/post"}],"author":[{"embeddable":true,"href":"https:\/\/conseil-constitutionnel.mr\/fr\/index.php?rest_route=\/wp\/v2\/users\/3"}],"replies":[{"embeddable":true,"href":"https:\/\/conseil-constitutionnel.mr\/fr\/index.php?rest_route=%2Fwp%2Fv2%2Fcomments&post=739"}],"version-history":[{"count":1,"href":"https:\/\/conseil-constitutionnel.mr\/fr\/index.php?rest_route=\/wp\/v2\/posts\/739\/revisions"}],"predecessor-version":[{"id":743,"href":"https:\/\/conseil-constitutionnel.mr\/fr\/index.php?rest_route=\/wp\/v2\/posts\/739\/revisions\/743"}],"wp:attachment":[{"href":"https:\/\/conseil-constitutionnel.mr\/fr\/index.php?rest_route=%2Fwp%2Fv2%2Fmedia&parent=739"}],"wp:term":[{"taxonomy":"category","embeddable":true,"href":"https:\/\/conseil-constitutionnel.mr\/fr\/index.php?rest_route=%2Fwp%2Fv2%2Fcategories&post=739"},{"taxonomy":"post_tag","embeddable":true,"href":"https:\/\/conseil-constitutionnel.mr\/fr\/index.php?rest_route=%2Fwp%2Fv2%2Ftags&post=739"}],"curies":[{"name":"wp","href":"https:\/\/api.w.org\/{rel}","templated":true}]}}