{"id":748,"date":"2020-10-23T14:36:51","date_gmt":"2020-10-23T12:36:51","guid":{"rendered":"http:\/\/ccfr.rimpresse.com\/?p=748"},"modified":"2020-12-02T15:05:11","modified_gmt":"2020-12-02T14:05:11","slug":"reception-du-chef-de-la-delegation-de-lunion-europe-a-nouakchott","status":"publish","type":"post","link":"https:\/\/conseil-constitutionnel.mr\/fr\/?p=748","title":{"rendered":"Reception du chef de la d\u00e9l\u00e9gation de l&rsquo;Union Europe \u00e0 Nouakchott"},"content":{"rendered":"\n<figure class=\"wp-block-image size-large\"><img loading=\"lazy\" width=\"500\" height=\"333\" src=\"http:\/\/ccfr.rimpresse.com\/wp-content\/uploads\/2020\/10\/union-europe.jpg\" alt=\"\" class=\"wp-image-749\" srcset=\"https:\/\/conseil-constitutionnel.mr\/fr\/wp-content\/uploads\/2020\/10\/union-europe.jpg 500w, https:\/\/conseil-constitutionnel.mr\/fr\/wp-content\/uploads\/2020\/10\/union-europe-300x200.jpg 300w\" sizes=\"(max-width: 500px) 100vw, 500px\" \/><figcaption>Le pr\u00e9sident du Conseil Constitutionnel, M. Diallo Mamadou Bathia, s\u2019est entretenu, jeudi \u00e0 Nouakchott, avec l\u2019ambassadeur Chef de d\u00e9l\u00e9gation de l\u2019Union Europ\u00e9enne SEM. Giacomo Durazzo.<br><br>Les entretiens ont port\u00e9 sur les relations de coop\u00e9ration existant entre la Mauritanie et l\u2019UE et les voies et moyens de les renforcer davantage, notamment dans le domaine constitutionnel.<\/figcaption><\/figure>\n","protected":false},"excerpt":{"rendered":"<p>Le pr\u00e9sident du Conseil Constitutionnel, M. Diallo Mamadou Bathia, s\u2019est entretenu, jeudi \u00e0 Nouakchott, avec l\u2019ambassadeur Chef de d\u00e9l\u00e9gation de l\u2019Union Europ\u00e9enne SEM. Giacomo Durazzo.Les &hellip; <\/p>\n","protected":false},"author":3,"featured_media":749,"comment_status":"closed","ping_status":"closed","sticky":false,"template":"","format":"standard","meta":[],"categories":[21],"tags":[],"_links":{"self":[{"href":"https:\/\/conseil-constitutionnel.mr\/fr\/index.php?rest_route=\/wp\/v2\/posts\/748"}],"collection":[{"href":"https:\/\/conseil-constitutionnel.mr\/fr\/index.php?rest_route=\/wp\/v2\/posts"}],"about":[{"href":"https:\/\/conseil-constitutionnel.mr\/fr\/index.php?rest_route=\/wp\/v2\/types\/post"}],"author":[{"embeddable":true,"href":"https:\/\/conseil-constitutionnel.mr\/fr\/index.php?rest_route=\/wp\/v2\/users\/3"}],"replies":[{"embeddable":true,"href":"https:\/\/conseil-constitutionnel.mr\/fr\/index.php?rest_route=%2Fwp%2Fv2%2Fcomments&post=748"}],"version-history":[{"count":3,"href":"https:\/\/conseil-constitutionnel.mr\/fr\/index.php?rest_route=\/wp\/v2\/posts\/748\/revisions"}],"predecessor-version":[{"id":936,"href":"https:\/\/conseil-constitutionnel.mr\/fr\/index.php?rest_route=\/wp\/v2\/posts\/748\/revisions\/936"}],"wp:featuredmedia":[{"embeddable":true,"href":"https:\/\/conseil-constitutionnel.mr\/fr\/index.php?rest_route=\/wp\/v2\/media\/749"}],"wp:attachment":[{"href":"https:\/\/conseil-constitutionnel.mr\/fr\/index.php?rest_route=%2Fwp%2Fv2%2Fmedia&parent=748"}],"wp:term":[{"taxonomy":"category","embeddable":true,"href":"https:\/\/conseil-constitutionnel.mr\/fr\/index.php?rest_route=%2Fwp%2Fv2%2Fcategories&post=748"},{"taxonomy":"post_tag","embeddable":true,"href":"https:\/\/conseil-constitutionnel.mr\/fr\/index.php?rest_route=%2Fwp%2Fv2%2Ftags&post=748"}],"curies":[{"name":"wp","href":"https:\/\/api.w.org\/{rel}","templated":true}]}}