{"id":797,"date":"2020-11-11T16:26:30","date_gmt":"2020-11-11T15:26:30","guid":{"rendered":"http:\/\/ccfr.rimpresse.com\/?p=797"},"modified":"2020-11-11T16:36:53","modified_gmt":"2020-11-11T15:36:53","slug":"le-president-du-conseil-constitutionnel-recoit-lambassadeur-algerien","status":"publish","type":"post","link":"https:\/\/conseil-constitutionnel.mr\/fr\/?p=797","title":{"rendered":"Le pr\u00e9sident du Conseil constitutionnel re\u00e7oit l\u2019ambassadeur alg\u00e9rien"},"content":{"rendered":"\n<p>Nouakchott,&nbsp;&nbsp;11\/11\/2020<\/p>\n\n\n\n<figure class=\"wp-block-image\"><img src=\"https:\/\/filefr.ami.mr\/photosnews\/11-11-2020M-00-00-10.jpg\" alt=\"\"\/><\/figure>\n\n\n\n<p>Le pr\u00e9sident du Conseil constitutionnel, M. Diallo Mamadou Bathia, a re\u00e7u, aujourd\u2019hui, mercredi apr\u00e8s-midi, dans son bureau, \u00e0 Nouakchott, SE. M. Noureddine Khandoudi, ambassadeur de la R\u00e9publique d\u2019Alg\u00e9rie accr\u00e9dit\u00e9 en Mauritanie.<\/p>\n\n\n\n<p>L\u2019audience a port\u00e9 que les relations de coop\u00e9ration existant entre les deux pays fr\u00e8res et les moyens de les renforcer davantage.<\/p>\n","protected":false},"excerpt":{"rendered":"<p>Nouakchott,&nbsp;&nbsp;11\/11\/2020 Le pr\u00e9sident du Conseil constitutionnel, M. Diallo Mamadou Bathia, a re\u00e7u, aujourd\u2019hui, mercredi apr\u00e8s-midi, dans son bureau, \u00e0 Nouakchott, SE. M. Noureddine Khandoudi, ambassadeur &hellip; <\/p>\n","protected":false},"author":3,"featured_media":800,"comment_status":"closed","ping_status":"closed","sticky":false,"template":"","format":"standard","meta":[],"categories":[21],"tags":[],"_links":{"self":[{"href":"https:\/\/conseil-constitutionnel.mr\/fr\/index.php?rest_route=\/wp\/v2\/posts\/797"}],"collection":[{"href":"https:\/\/conseil-constitutionnel.mr\/fr\/index.php?rest_route=\/wp\/v2\/posts"}],"about":[{"href":"https:\/\/conseil-constitutionnel.mr\/fr\/index.php?rest_route=\/wp\/v2\/types\/post"}],"author":[{"embeddable":true,"href":"https:\/\/conseil-constitutionnel.mr\/fr\/index.php?rest_route=\/wp\/v2\/users\/3"}],"replies":[{"embeddable":true,"href":"https:\/\/conseil-constitutionnel.mr\/fr\/index.php?rest_route=%2Fwp%2Fv2%2Fcomments&post=797"}],"version-history":[{"count":3,"href":"https:\/\/conseil-constitutionnel.mr\/fr\/index.php?rest_route=\/wp\/v2\/posts\/797\/revisions"}],"predecessor-version":[{"id":801,"href":"https:\/\/conseil-constitutionnel.mr\/fr\/index.php?rest_route=\/wp\/v2\/posts\/797\/revisions\/801"}],"wp:featuredmedia":[{"embeddable":true,"href":"https:\/\/conseil-constitutionnel.mr\/fr\/index.php?rest_route=\/wp\/v2\/media\/800"}],"wp:attachment":[{"href":"https:\/\/conseil-constitutionnel.mr\/fr\/index.php?rest_route=%2Fwp%2Fv2%2Fmedia&parent=797"}],"wp:term":[{"taxonomy":"category","embeddable":true,"href":"https:\/\/conseil-constitutionnel.mr\/fr\/index.php?rest_route=%2Fwp%2Fv2%2Fcategories&post=797"},{"taxonomy":"post_tag","embeddable":true,"href":"https:\/\/conseil-constitutionnel.mr\/fr\/index.php?rest_route=%2Fwp%2Fv2%2Ftags&post=797"}],"curies":[{"name":"wp","href":"https:\/\/api.w.org\/{rel}","templated":true}]}}