{"id":804,"date":"2020-11-16T19:56:24","date_gmt":"2020-11-16T18:56:24","guid":{"rendered":"http:\/\/ccfr.rimpresse.com\/?p=804"},"modified":"2020-11-17T11:59:50","modified_gmt":"2020-11-17T10:59:50","slug":"le-president-recoit-lambassadeur-de-la-republique-federale-dallemagne-dr-gabriela-guellil","status":"publish","type":"post","link":"https:\/\/conseil-constitutionnel.mr\/fr\/?p=804","title":{"rendered":"Reception de L\u2019Ambassadrice de la R\u00e9publique f\u00e9d\u00e9rale d\u2019Allemagne, Dr. Gabriela Guellil"},"content":{"rendered":"\n<figure class=\"wp-block-image size-large is-resized\"><img loading=\"lazy\" src=\"http:\/\/ccfr.rimpresse.com\/wp-content\/uploads\/2020\/11\/Allemagne-1024x683.jpg\" alt=\"\" class=\"wp-image-805\" width=\"631\" height=\"421\" srcset=\"https:\/\/conseil-constitutionnel.mr\/fr\/wp-content\/uploads\/2020\/11\/Allemagne-1024x683.jpg 1024w, https:\/\/conseil-constitutionnel.mr\/fr\/wp-content\/uploads\/2020\/11\/Allemagne-300x200.jpg 300w, https:\/\/conseil-constitutionnel.mr\/fr\/wp-content\/uploads\/2020\/11\/Allemagne-768x512.jpg 768w, https:\/\/conseil-constitutionnel.mr\/fr\/wp-content\/uploads\/2020\/11\/Allemagne.jpg 1080w\" sizes=\"(max-width: 631px) 100vw, 631px\" \/><\/figure>\n\n\n\n<figure class=\"wp-block-image size-large is-resized\"><img loading=\"lazy\" src=\"http:\/\/ccfr.rimpresse.com\/wp-content\/uploads\/2020\/11\/Allemegne2-1024x683.jpg\" alt=\"\" class=\"wp-image-808\" width=\"634\" height=\"423\" srcset=\"https:\/\/conseil-constitutionnel.mr\/fr\/wp-content\/uploads\/2020\/11\/Allemegne2-1024x683.jpg 1024w, https:\/\/conseil-constitutionnel.mr\/fr\/wp-content\/uploads\/2020\/11\/Allemegne2-300x200.jpg 300w, https:\/\/conseil-constitutionnel.mr\/fr\/wp-content\/uploads\/2020\/11\/Allemegne2-768x512.jpg 768w, https:\/\/conseil-constitutionnel.mr\/fr\/wp-content\/uploads\/2020\/11\/Allemegne2.jpg 1080w\" sizes=\"(max-width: 634px) 100vw, 634px\" \/><\/figure>\n\n\n\n<figure class=\"wp-block-image size-large is-resized\"><img loading=\"lazy\" src=\"http:\/\/ccfr.rimpresse.com\/wp-content\/uploads\/2020\/11\/Allemagne3-1024x683.jpg\" alt=\"\" class=\"wp-image-809\" width=\"640\" height=\"427\" srcset=\"https:\/\/conseil-constitutionnel.mr\/fr\/wp-content\/uploads\/2020\/11\/Allemagne3-1024x683.jpg 1024w, https:\/\/conseil-constitutionnel.mr\/fr\/wp-content\/uploads\/2020\/11\/Allemagne3-300x200.jpg 300w, https:\/\/conseil-constitutionnel.mr\/fr\/wp-content\/uploads\/2020\/11\/Allemagne3-768x512.jpg 768w, https:\/\/conseil-constitutionnel.mr\/fr\/wp-content\/uploads\/2020\/11\/Allemagne3.jpg 1080w\" sizes=\"(max-width: 640px) 100vw, 640px\" \/><\/figure>\n","protected":false},"excerpt":{"rendered":"<p>Le Pr\u00e9sident Diallo Mamadou Bathia a re\u00e7u en audience aujourd&rsquo;hui 16\/11\/2020  L\u2019Ambassadrice de la R\u00e9publique f\u00e9d\u00e9rale d\u2019Allemagne, Dr. Gabriela Guellil. L&rsquo;entretien a port\u00e9 sur les bonnes relations existant entre les deux pays surtout en mati\u00e8re de justice.<br \/>\nL&rsquo;audience s&rsquo;est d\u00e9roul\u00e9e en pr\u00e9sence de la secr\u00e9taire g\u00e9n\u00e9rale du Conseil constitutionnel, Mme Ebnette Mint El Khaless.<\/p>\n","protected":false},"author":3,"featured_media":805,"comment_status":"closed","ping_status":"closed","sticky":false,"template":"","format":"standard","meta":[],"categories":[21],"tags":[],"_links":{"self":[{"href":"https:\/\/conseil-constitutionnel.mr\/fr\/index.php?rest_route=\/wp\/v2\/posts\/804"}],"collection":[{"href":"https:\/\/conseil-constitutionnel.mr\/fr\/index.php?rest_route=\/wp\/v2\/posts"}],"about":[{"href":"https:\/\/conseil-constitutionnel.mr\/fr\/index.php?rest_route=\/wp\/v2\/types\/post"}],"author":[{"embeddable":true,"href":"https:\/\/conseil-constitutionnel.mr\/fr\/index.php?rest_route=\/wp\/v2\/users\/3"}],"replies":[{"embeddable":true,"href":"https:\/\/conseil-constitutionnel.mr\/fr\/index.php?rest_route=%2Fwp%2Fv2%2Fcomments&post=804"}],"version-history":[{"count":9,"href":"https:\/\/conseil-constitutionnel.mr\/fr\/index.php?rest_route=\/wp\/v2\/posts\/804\/revisions"}],"predecessor-version":[{"id":818,"href":"https:\/\/conseil-constitutionnel.mr\/fr\/index.php?rest_route=\/wp\/v2\/posts\/804\/revisions\/818"}],"wp:featuredmedia":[{"embeddable":true,"href":"https:\/\/conseil-constitutionnel.mr\/fr\/index.php?rest_route=\/wp\/v2\/media\/805"}],"wp:attachment":[{"href":"https:\/\/conseil-constitutionnel.mr\/fr\/index.php?rest_route=%2Fwp%2Fv2%2Fmedia&parent=804"}],"wp:term":[{"taxonomy":"category","embeddable":true,"href":"https:\/\/conseil-constitutionnel.mr\/fr\/index.php?rest_route=%2Fwp%2Fv2%2Fcategories&post=804"},{"taxonomy":"post_tag","embeddable":true,"href":"https:\/\/conseil-constitutionnel.mr\/fr\/index.php?rest_route=%2Fwp%2Fv2%2Ftags&post=804"}],"curies":[{"name":"wp","href":"https:\/\/api.w.org\/{rel}","templated":true}]}}