{"id":824,"date":"2020-11-20T15:41:35","date_gmt":"2020-11-20T14:41:35","guid":{"rendered":"http:\/\/ccfr.rimpresse.com\/?p=824"},"modified":"2020-11-20T16:12:21","modified_gmt":"2020-11-20T15:12:21","slug":"le-president-du-conseil-constitutionnel-recoit-lambassadeur-du-maroc","status":"publish","type":"post","link":"https:\/\/conseil-constitutionnel.mr\/fr\/?p=824","title":{"rendered":"Le pr\u00e9sident du Conseil constitutionnel re\u00e7oit l&rsquo;ambassadeur du Maroc"},"content":{"rendered":"\n<h3>Le pr\u00e9sident du Conseil constitutionnel re\u00e7oit l&rsquo;ambassadeur du Maroc<\/h3>\n\n\n\n<p>Nouakchott,&nbsp;&nbsp;19\/11\/2020<\/p>\n\n\n\n<figure class=\"wp-block-image\"><a href=\"https:\/\/fr.ami.mr\/Depeche-55909.html#articl-image\"><img src=\"https:\/\/filefr.ami.mr\/miniatures500\/19-11-2020M-00-003.jpg\" alt=\"\"\/><\/a><\/figure>\n\n\n\n<p>Le pr\u00e9sident du Conseil constitutionnel, M. Diallo Mamadou Bathia, a re\u00e7u en audience aujourd&rsquo;hui, jeudi, dans son bureau \u00e0 Nouakchott l&rsquo;ambassadeur du Maroc accr\u00e9dit\u00e9 aupr\u00e8s de notre pays, SEM. Hamid Chabbar.<\/p>\n\n\n\n<p>L\u2019entrevue a \u00e9t\u00e9 l\u2019occasion de discuter de divers aspects de la coop\u00e9ration existant entre les deux pays fr\u00e8res et des moyens de la renforcer et de la d\u00e9velopper.<\/p>\n\n\n\n<p>L&rsquo;entretien s&rsquo;est d\u00e9roul\u00e9 en pr\u00e9sence de la Secr\u00e9taire g\u00e9n\u00e9rale du Conseil, Mme Bint Mint El-Khaless.<\/p>\n","protected":false},"excerpt":{"rendered":"<p>Le pr\u00e9sident du Conseil constitutionnel re\u00e7oit l&rsquo;ambassadeur du Maroc Nouakchott,&nbsp;&nbsp;19\/11\/2020 Le pr\u00e9sident du Conseil constitutionnel, M. Diallo Mamadou Bathia, a re\u00e7u en audience aujourd&rsquo;hui, jeudi, &hellip; <\/p>\n","protected":false},"author":3,"featured_media":830,"comment_status":"closed","ping_status":"closed","sticky":false,"template":"","format":"standard","meta":[],"categories":[21],"tags":[],"_links":{"self":[{"href":"https:\/\/conseil-constitutionnel.mr\/fr\/index.php?rest_route=\/wp\/v2\/posts\/824"}],"collection":[{"href":"https:\/\/conseil-constitutionnel.mr\/fr\/index.php?rest_route=\/wp\/v2\/posts"}],"about":[{"href":"https:\/\/conseil-constitutionnel.mr\/fr\/index.php?rest_route=\/wp\/v2\/types\/post"}],"author":[{"embeddable":true,"href":"https:\/\/conseil-constitutionnel.mr\/fr\/index.php?rest_route=\/wp\/v2\/users\/3"}],"replies":[{"embeddable":true,"href":"https:\/\/conseil-constitutionnel.mr\/fr\/index.php?rest_route=%2Fwp%2Fv2%2Fcomments&post=824"}],"version-history":[{"count":2,"href":"https:\/\/conseil-constitutionnel.mr\/fr\/index.php?rest_route=\/wp\/v2\/posts\/824\/revisions"}],"predecessor-version":[{"id":829,"href":"https:\/\/conseil-constitutionnel.mr\/fr\/index.php?rest_route=\/wp\/v2\/posts\/824\/revisions\/829"}],"wp:featuredmedia":[{"embeddable":true,"href":"https:\/\/conseil-constitutionnel.mr\/fr\/index.php?rest_route=\/wp\/v2\/media\/830"}],"wp:attachment":[{"href":"https:\/\/conseil-constitutionnel.mr\/fr\/index.php?rest_route=%2Fwp%2Fv2%2Fmedia&parent=824"}],"wp:term":[{"taxonomy":"category","embeddable":true,"href":"https:\/\/conseil-constitutionnel.mr\/fr\/index.php?rest_route=%2Fwp%2Fv2%2Fcategories&post=824"},{"taxonomy":"post_tag","embeddable":true,"href":"https:\/\/conseil-constitutionnel.mr\/fr\/index.php?rest_route=%2Fwp%2Fv2%2Ftags&post=824"}],"curies":[{"name":"wp","href":"https:\/\/api.w.org\/{rel}","templated":true}]}}