{"id":960,"date":"2020-12-11T17:15:57","date_gmt":"2020-12-11T16:15:57","guid":{"rendered":"http:\/\/ccfr.rimpresse.com\/?p=960"},"modified":"2021-02-11T14:01:34","modified_gmt":"2021-02-11T13:01:34","slug":"participation-de-m-le-president-du-conseil-constitutionnel-a-une-reunion-des-conseils-constitutionnels-de-la-sous-region-a-dakar","status":"publish","type":"post","link":"https:\/\/conseil-constitutionnel.mr\/fr\/?p=960","title":{"rendered":"M. le Pr\u00e9sident du Conseil constitutionnel a particip\u00e9 \u00e0 une r\u00e9union des Conseils constitutionnels de la sous-r\u00e9gion \u00e0 Dakar"},"content":{"rendered":"\n<div class=\"wp-block-media-text alignwide is-stacked-on-mobile\"><figure class=\"wp-block-media-text__media\"><img loading=\"lazy\" width=\"1024\" height=\"690\" src=\"http:\/\/ccfr.rimpresse.com\/wp-content\/uploads\/2020\/12\/S\u00e9n\u00e9gal-1-1024x690.jpg\" alt=\"\" class=\"wp-image-966\" srcset=\"https:\/\/conseil-constitutionnel.mr\/fr\/wp-content\/uploads\/2020\/12\/S\u00e9n\u00e9gal-1-1024x690.jpg 1024w, https:\/\/conseil-constitutionnel.mr\/fr\/wp-content\/uploads\/2020\/12\/S\u00e9n\u00e9gal-1-300x202.jpg 300w, https:\/\/conseil-constitutionnel.mr\/fr\/wp-content\/uploads\/2020\/12\/S\u00e9n\u00e9gal-1-768x518.jpg 768w, https:\/\/conseil-constitutionnel.mr\/fr\/wp-content\/uploads\/2020\/12\/S\u00e9n\u00e9gal-1.jpg 1080w\" sizes=\"(max-width: 1024px) 100vw, 1024px\" \/><\/figure><div class=\"wp-block-media-text__content\">\n<p>Le pr\u00e9sident du Conseil constitutionnel, M. Diallo Mamadou Bathia, est rentr\u00e9 aujourd&rsquo;hui \u00e0 l&rsquo;aube, vendredi, \u00e0 Nouakchott en provenance de Dakar, la capitale s\u00e9n\u00e9galaise, apr\u00e8s avoir particip\u00e9 \u00e0 une r\u00e9union des Conseils Constitutionnels sous-r\u00e9gionaux, \u00e0 l&rsquo;invitation de M. Baba Omar Sakho, pr\u00e9sident du Conseil Constitutionnel s\u00e9n\u00e9galais.<\/p>\n\n\n\n<p>Le pr\u00e9sident du conseil \u00e9tait accompagn\u00e9 lors de ce voyage par Sidi Baba Ely Robe, charg\u00e9 des affaires administratives et des relations ext\u00e9rieures au sein du Conseil Constitutionnel.<\/p>\n<\/div><\/div>\n\n\n\n<figure class=\"wp-block-image size-large is-resized\"><img loading=\"lazy\" src=\"http:\/\/ccfr.rimpresse.com\/wp-content\/uploads\/2020\/12\/S\u00e9n\u00e9gal3-1024x684.jpg\" alt=\"\" class=\"wp-image-967\" width=\"722\" height=\"482\" srcset=\"https:\/\/conseil-constitutionnel.mr\/fr\/wp-content\/uploads\/2020\/12\/S\u00e9n\u00e9gal3-1024x684.jpg 1024w, https:\/\/conseil-constitutionnel.mr\/fr\/wp-content\/uploads\/2020\/12\/S\u00e9n\u00e9gal3-300x200.jpg 300w, https:\/\/conseil-constitutionnel.mr\/fr\/wp-content\/uploads\/2020\/12\/S\u00e9n\u00e9gal3-768x513.jpg 768w, https:\/\/conseil-constitutionnel.mr\/fr\/wp-content\/uploads\/2020\/12\/S\u00e9n\u00e9gal3.jpg 1080w\" sizes=\"(max-width: 722px) 100vw, 722px\" \/><\/figure>\n\n\n\n<figure class=\"wp-block-image size-large is-resized\"><img loading=\"lazy\" src=\"http:\/\/ccfr.rimpresse.com\/wp-content\/uploads\/2020\/12\/S\u00e9n\u00e9gal-4-1024x684.jpg\" alt=\"\" class=\"wp-image-970\" width=\"714\" height=\"477\" srcset=\"https:\/\/conseil-constitutionnel.mr\/fr\/wp-content\/uploads\/2020\/12\/S\u00e9n\u00e9gal-4-1024x684.jpg 1024w, https:\/\/conseil-constitutionnel.mr\/fr\/wp-content\/uploads\/2020\/12\/S\u00e9n\u00e9gal-4-300x200.jpg 300w, https:\/\/conseil-constitutionnel.mr\/fr\/wp-content\/uploads\/2020\/12\/S\u00e9n\u00e9gal-4-768x513.jpg 768w, https:\/\/conseil-constitutionnel.mr\/fr\/wp-content\/uploads\/2020\/12\/S\u00e9n\u00e9gal-4.jpg 1080w\" sizes=\"(max-width: 714px) 100vw, 714px\" \/><\/figure>\n\n\n\n<figure class=\"wp-block-image size-large is-resized\"><img loading=\"lazy\" src=\"http:\/\/ccfr.rimpresse.com\/wp-content\/uploads\/2020\/12\/S\u00e9n\u00e9gal-5-1024x690.jpg\" alt=\"\" class=\"wp-image-978\" width=\"712\" height=\"479\" srcset=\"https:\/\/conseil-constitutionnel.mr\/fr\/wp-content\/uploads\/2020\/12\/S\u00e9n\u00e9gal-5-1024x690.jpg 1024w, https:\/\/conseil-constitutionnel.mr\/fr\/wp-content\/uploads\/2020\/12\/S\u00e9n\u00e9gal-5-300x202.jpg 300w, https:\/\/conseil-constitutionnel.mr\/fr\/wp-content\/uploads\/2020\/12\/S\u00e9n\u00e9gal-5-768x518.jpg 768w, https:\/\/conseil-constitutionnel.mr\/fr\/wp-content\/uploads\/2020\/12\/S\u00e9n\u00e9gal-5.jpg 1080w\" sizes=\"(max-width: 712px) 100vw, 712px\" \/><\/figure>\n\n\n\n<figure class=\"wp-block-image size-large is-resized\"><img loading=\"lazy\" src=\"http:\/\/ccfr.rimpresse.com\/wp-content\/uploads\/2020\/12\/Colloque-1024x690.jpg\" alt=\"\" class=\"wp-image-1012\" width=\"712\" height=\"479\" srcset=\"https:\/\/conseil-constitutionnel.mr\/fr\/wp-content\/uploads\/2020\/12\/Colloque-1024x690.jpg 1024w, https:\/\/conseil-constitutionnel.mr\/fr\/wp-content\/uploads\/2020\/12\/Colloque-300x202.jpg 300w, https:\/\/conseil-constitutionnel.mr\/fr\/wp-content\/uploads\/2020\/12\/Colloque-768x518.jpg 768w, https:\/\/conseil-constitutionnel.mr\/fr\/wp-content\/uploads\/2020\/12\/Colloque.jpg 1080w\" sizes=\"(max-width: 712px) 100vw, 712px\" \/><\/figure>\n","protected":false},"excerpt":{"rendered":"<p>Le pr\u00e9sident du Conseil constitutionnel, M. Diallo Mamadou Bathia, est rentr\u00e9 aujourd&rsquo;hui \u00e0 l&rsquo;aube, vendredi, \u00e0 Nouakchott en provenance de Dakar, la capitale s\u00e9n\u00e9galaise, apr\u00e8s &hellip; <\/p>\n","protected":false},"author":3,"featured_media":1096,"comment_status":"closed","ping_status":"closed","sticky":false,"template":"","format":"standard","meta":[],"categories":[21],"tags":[],"_links":{"self":[{"href":"https:\/\/conseil-constitutionnel.mr\/fr\/index.php?rest_route=\/wp\/v2\/posts\/960"}],"collection":[{"href":"https:\/\/conseil-constitutionnel.mr\/fr\/index.php?rest_route=\/wp\/v2\/posts"}],"about":[{"href":"https:\/\/conseil-constitutionnel.mr\/fr\/index.php?rest_route=\/wp\/v2\/types\/post"}],"author":[{"embeddable":true,"href":"https:\/\/conseil-constitutionnel.mr\/fr\/index.php?rest_route=\/wp\/v2\/users\/3"}],"replies":[{"embeddable":true,"href":"https:\/\/conseil-constitutionnel.mr\/fr\/index.php?rest_route=%2Fwp%2Fv2%2Fcomments&post=960"}],"version-history":[{"count":12,"href":"https:\/\/conseil-constitutionnel.mr\/fr\/index.php?rest_route=\/wp\/v2\/posts\/960\/revisions"}],"predecessor-version":[{"id":1042,"href":"https:\/\/conseil-constitutionnel.mr\/fr\/index.php?rest_route=\/wp\/v2\/posts\/960\/revisions\/1042"}],"wp:featuredmedia":[{"embeddable":true,"href":"https:\/\/conseil-constitutionnel.mr\/fr\/index.php?rest_route=\/wp\/v2\/media\/1096"}],"wp:attachment":[{"href":"https:\/\/conseil-constitutionnel.mr\/fr\/index.php?rest_route=%2Fwp%2Fv2%2Fmedia&parent=960"}],"wp:term":[{"taxonomy":"category","embeddable":true,"href":"https:\/\/conseil-constitutionnel.mr\/fr\/index.php?rest_route=%2Fwp%2Fv2%2Fcategories&post=960"},{"taxonomy":"post_tag","embeddable":true,"href":"https:\/\/conseil-constitutionnel.mr\/fr\/index.php?rest_route=%2Fwp%2Fv2%2Ftags&post=960"}],"curies":[{"name":"wp","href":"https:\/\/api.w.org\/{rel}","templated":true}]}}